{"id":36963,"date":"2025-12-05T13:15:26","date_gmt":"2025-12-05T13:15:26","guid":{"rendered":"https:\/\/blogseyir.com\/wp\/?p=36963"},"modified":"2025-12-05T13:15:27","modified_gmt":"2025-12-05T13:15:27","slug":"shtang-blendi-fevziu-tregon-para-arbana-osmanit-dhuraten-me-te-shtrenjte-qe-i-ka-bere-gruas","status":"publish","type":"post","link":"https:\/\/blogseyir.com\/wp\/shtang-blendi-fevziu-tregon-para-arbana-osmanit-dhuraten-me-te-shtrenjte-qe-i-ka-bere-gruas\/","title":{"rendered":"SHTANG Blendi Fevziu! Tregon para Arbana Osmanit DHURATEN m\u00eb t\u00eb shtrenjt\u00eb q\u00eb i ka b\u00ebr\u00eb gruas"},"content":{"rendered":"<p>Gazetari i njohur Blendi Fevziu, i ftuar n\u00eb programin \u201cMir\u00ebmbr\u00ebma Yje\u201d t\u00eb Arbana Osmanit, \u00ebsht\u00eb vendosur p\u00ebrball\u00eb pyetjeve personale duke zbuluar detaje nga jeta e tij bashk\u00ebshortore.<\/p>\n<p>Gjat\u00eb intervist\u00ebs, moderatorja i drejtoi pyetjen se cila ishte dhurata m\u00eb e shtrenjt\u00eb q\u00eb i kishte b\u00ebr\u00eb gruas s\u00eb tij ndonj\u00ebher\u00eb. Pas nj\u00eb momenti hezitimi, Fevziu dha nj\u00eb p\u00ebrgjigje t\u00eb papritur q\u00eb shkaktoi t\u00eb qeshura.<\/p>\n<p>Ai zbuloi se kjo dhurat\u00eb daton n\u00eb vitin e larg\u00ebt 1998 dhe nuk b\u00ebhej fjal\u00eb p\u00ebr ndonj\u00eb blerje t\u00eb re luksoze. \u201cPuthja e par\u00eb. Ka qen\u00eb n\u00eb 1998-\u00ebn\u2026 Ka qen\u00eb n\u00eb makin\u00ebn time,\u201d u shpreh ai.<\/p>\n<p>Ky moment i sinqert\u00eb dhe me nota humori zbuloi nj\u00eb an\u00eb tjet\u00ebr t\u00eb gazetarit, i cili e kaloi situat\u00ebn me sportivitet p\u00ebrball\u00eb Arban\u00ebs.<\/p>\n<p>https:\/\/streamable.com\/zvke5y<\/p>\n<div id=\"blogs-2394393787\" class=\"blogs-after-content blogs-entity-placement\"><div id=\"div-gpt-ad-1770230601260-0\" style=\"width:300px; height:600px;\"><\/div><\/div><div id=\"blogs-3505413124\" class=\"blogs-adsense-after-kontent blogs-entity-placement\"><script async src=\"https:\/\/pagead2.googlesyndication.com\/pagead\/js\/adsbygoogle.js\"\r\n     crossorigin=\"anonymous\"><\/script>\r\n<!-- Tiranaread -->\r\n<ins class=\"adsbygoogle\"\r\n     style=\"display:inline-block;width:728px;height:90px\"\r\n     data-ad-client=\"ca-pub-2355142065052501\"\r\n\t data-page-url=\"https:\/\/blogseyir.com\"\r\n     data-ad-slot=\"7464751963\"><\/ins>\r\n<script>\r\n     (adsbygoogle = window.adsbygoogle || []).push({});\r\n<\/script><\/div>","protected":false},"excerpt":{"rendered":"<p>Gazetari i njohur Blendi Fevziu, i ftuar n\u00eb programin \u201cMir\u00ebmbr\u00ebma Yje\u201d t\u00eb Arbana Osmanit, \u00ebsht\u00eb vendosur p\u00ebrball\u00eb pyetjeve personale duke zbuluar detaje nga jeta e tij bashk\u00ebshortore. Gjat\u00eb intervist\u00ebs, moderatorja i drejtoi pyetjen se cila ishte dhurata m\u00eb e shtrenjt\u00eb q\u00eb i kishte b\u00ebr\u00eb gruas s\u00eb tij ndonj\u00ebher\u00eb. Pas nj\u00eb momenti hezitimi, Fevziu dha nj\u00eb [&hellip;]<\/p>\n","protected":false},"author":1,"featured_media":36965,"comment_status":"open","ping_status":"closed","sticky":false,"template":"","format":"standard","meta":{"footnotes":""},"categories":[32],"tags":[215,72],"class_list":["post-36963","post","type-post","status-publish","format-standard","has-post-thumbnail","hentry","category-te-fundit","tag-arbana-osmani","tag-blendi-fevziu"],"_links":{"self":[{"href":"https:\/\/blogseyir.com\/wp\/wp-json\/wp\/v2\/posts\/36963","targetHints":{"allow":["GET"]}}],"collection":[{"href":"https:\/\/blogseyir.com\/wp\/wp-json\/wp\/v2\/posts"}],"about":[{"href":"https:\/\/blogseyir.com\/wp\/wp-json\/wp\/v2\/types\/post"}],"author":[{"embeddable":true,"href":"https:\/\/blogseyir.com\/wp\/wp-json\/wp\/v2\/users\/1"}],"replies":[{"embeddable":true,"href":"https:\/\/blogseyir.com\/wp\/wp-json\/wp\/v2\/comments?post=36963"}],"version-history":[{"count":1,"href":"https:\/\/blogseyir.com\/wp\/wp-json\/wp\/v2\/posts\/36963\/revisions"}],"predecessor-version":[{"id":36964,"href":"https:\/\/blogseyir.com\/wp\/wp-json\/wp\/v2\/posts\/36963\/revisions\/36964"}],"wp:featuredmedia":[{"embeddable":true,"href":"https:\/\/blogseyir.com\/wp\/wp-json\/wp\/v2\/media\/36965"}],"wp:attachment":[{"href":"https:\/\/blogseyir.com\/wp\/wp-json\/wp\/v2\/media?parent=36963"}],"wp:term":[{"taxonomy":"category","embeddable":true,"href":"https:\/\/blogseyir.com\/wp\/wp-json\/wp\/v2\/categories?post=36963"},{"taxonomy":"post_tag","embeddable":true,"href":"https:\/\/blogseyir.com\/wp\/wp-json\/wp\/v2\/tags?post=36963"}],"curies":[{"name":"wp","href":"https:\/\/api.w.org\/{rel}","templated":true}]}}