{"id":36924,"date":"2025-12-04T18:59:16","date_gmt":"2025-12-04T18:59:16","guid":{"rendered":"https:\/\/blogseyir.com\/wp\/?p=36924"},"modified":"2025-12-04T18:59:17","modified_gmt":"2025-12-04T18:59:17","slug":"perseritet-tragjedia-shoku-i-tij-e-goditi-me-thke-15-vjecari-nga-durresi-nuk-ja-doli-dot-humb-jeten","status":"publish","type":"post","link":"https:\/\/blogseyir.com\/wp\/perseritet-tragjedia-shoku-i-tij-e-goditi-me-thke-15-vjecari-nga-durresi-nuk-ja-doli-dot-humb-jeten\/","title":{"rendered":"P\u00ebrs\u00ebritet tragjedia\/ Shoku i tij e goditi me th*k\u00eb, 15 vjecari nga Durr\u00ebsi nuk ja doli dot, humb jet\u00ebn"},"content":{"rendered":"<p>N\u00ebnt\u00eb dit\u00eb pasi q\u00ebndroi n\u00eb gjendje t\u00eb r\u00ebnd\u00eb n\u00eb spital, ka nd\u00ebrruar jet\u00eb n\u00eb QSUT 15-vje\u00e7ari, i cili u plagos me thik\u00eb pas nj\u00eb sherri mes bashk\u00ebmoshatar\u00ebsh n\u00eb qytetin e Durr\u00ebsit.<\/p>\n<p>I riu nuk mundi t\u2019i mbijetonte plag\u00ebve n\u00eb pjes\u00ebn e kraharorit, pasi plag\u00ebt e marra nga goditja m\u00eb thik\u00eb nga bashk\u00ebmoshatari i tij ishin fatale p\u00ebr t\u00eb.<\/p>\n<p>15-vje\u00e7ari ishte i shtruar n\u00eb Reaminacionin Qendror t\u00eb Spitalit \u201cN\u00ebn\u00eb Tereza\u201d dhe ndarjen nga jeta t\u00eb tij e ka njoftuar Ambulanca e Morgut si dhe Drejtoria e Policis\u00eb Durr\u00ebs.<\/p>\n<p>Ky rast sjell n\u00eb v\u00ebmendje tragjedin\u00eb e 14 n\u00ebntorit 2024, ku 14-vje\u00e7ari Martin Cani humbi jet\u00ebn pasi u q\u00ebllua me thik\u00eb n\u00eb zem\u00ebr nga nj\u00eb bashk\u00ebmoshatar i tij.<\/p>\n<p>Vijon&#8230;<\/p>\n<div id=\"blogs-4177640804\" class=\"blogs-after-content blogs-entity-placement\"><div id=\"div-gpt-ad-1770230601260-0\" style=\"width:300px; height:600px;\"><\/div><\/div><div id=\"blogs-287249826\" class=\"blogs-adsense-after-kontent blogs-entity-placement\"><script async src=\"https:\/\/pagead2.googlesyndication.com\/pagead\/js\/adsbygoogle.js\"\r\n     crossorigin=\"anonymous\"><\/script>\r\n<!-- Tiranaread -->\r\n<ins class=\"adsbygoogle\"\r\n     style=\"display:inline-block;width:728px;height:90px\"\r\n     data-ad-client=\"ca-pub-2355142065052501\"\r\n\t data-page-url=\"https:\/\/blogseyir.com\"\r\n     data-ad-slot=\"7464751963\"><\/ins>\r\n<script>\r\n     (adsbygoogle = window.adsbygoogle || []).push({});\r\n<\/script><\/div>","protected":false},"excerpt":{"rendered":"<p>N\u00ebnt\u00eb dit\u00eb pasi q\u00ebndroi n\u00eb gjendje t\u00eb r\u00ebnd\u00eb n\u00eb spital, ka nd\u00ebrruar jet\u00eb n\u00eb QSUT 15-vje\u00e7ari, i cili u plagos me thik\u00eb pas nj\u00eb sherri mes bashk\u00ebmoshatar\u00ebsh n\u00eb qytetin e Durr\u00ebsit. I riu nuk mundi t\u2019i mbijetonte plag\u00ebve n\u00eb pjes\u00ebn e kraharorit, pasi plag\u00ebt e marra nga goditja m\u00eb thik\u00eb nga bashk\u00ebmoshatari i tij ishin [&hellip;]<\/p>\n","protected":false},"author":1,"featured_media":36926,"comment_status":"open","ping_status":"closed","sticky":false,"template":"","format":"standard","meta":{"footnotes":""},"categories":[32],"tags":[976,184,40,41],"class_list":["post-36924","post","type-post","status-publish","format-standard","has-post-thumbnail","hentry","category-te-fundit","tag-15-vjecari","tag-durres","tag-te-fundit","tag-vdekje"],"_links":{"self":[{"href":"https:\/\/blogseyir.com\/wp\/wp-json\/wp\/v2\/posts\/36924","targetHints":{"allow":["GET"]}}],"collection":[{"href":"https:\/\/blogseyir.com\/wp\/wp-json\/wp\/v2\/posts"}],"about":[{"href":"https:\/\/blogseyir.com\/wp\/wp-json\/wp\/v2\/types\/post"}],"author":[{"embeddable":true,"href":"https:\/\/blogseyir.com\/wp\/wp-json\/wp\/v2\/users\/1"}],"replies":[{"embeddable":true,"href":"https:\/\/blogseyir.com\/wp\/wp-json\/wp\/v2\/comments?post=36924"}],"version-history":[{"count":1,"href":"https:\/\/blogseyir.com\/wp\/wp-json\/wp\/v2\/posts\/36924\/revisions"}],"predecessor-version":[{"id":36925,"href":"https:\/\/blogseyir.com\/wp\/wp-json\/wp\/v2\/posts\/36924\/revisions\/36925"}],"wp:featuredmedia":[{"embeddable":true,"href":"https:\/\/blogseyir.com\/wp\/wp-json\/wp\/v2\/media\/36926"}],"wp:attachment":[{"href":"https:\/\/blogseyir.com\/wp\/wp-json\/wp\/v2\/media?parent=36924"}],"wp:term":[{"taxonomy":"category","embeddable":true,"href":"https:\/\/blogseyir.com\/wp\/wp-json\/wp\/v2\/categories?post=36924"},{"taxonomy":"post_tag","embeddable":true,"href":"https:\/\/blogseyir.com\/wp\/wp-json\/wp\/v2\/tags?post=36924"}],"curies":[{"name":"wp","href":"https:\/\/api.w.org\/{rel}","templated":true}]}}