{"id":35579,"date":"2025-11-18T10:13:51","date_gmt":"2025-11-18T10:13:51","guid":{"rendered":"https:\/\/blogseyir.com\/wp\/?p=35579"},"modified":"2025-11-18T10:13:52","modified_gmt":"2025-11-18T10:13:52","slug":"bbvk-ndizet-fuqishem-qe-ne-naten-e-pare-vellai-i-madh-u-djeg-banoreve-para-syve-te-gjitha","status":"publish","type":"post","link":"https:\/\/blogseyir.com\/wp\/bbvk-ndizet-fuqishem-qe-ne-naten-e-pare-vellai-i-madh-u-djeg-banoreve-para-syve-te-gjitha\/","title":{"rendered":"BBVK ndizet fuqish\u00ebm q\u00eb n\u00eb nat\u00ebn e par\u00eb! V\u00ebllai i madh u djeg banor\u00ebve para syve t\u00eb gjitha&#8230;"},"content":{"rendered":"<p>K\u00ebng\u00ebtari i ri nga Peja, Londrim Mekaj, i cili s\u00eb fundmi iu bashkua edicionit t\u00eb kat\u00ebrt t\u00eb BBVK, mori menj\u00ebher\u00eb sfid\u00ebn e par\u00eb t\u00eb vendosur nga \u201cV\u00ebllai i Madh\u201d p\u00ebrmes zinxhirit t\u00eb shp\u00ebtimit.<\/p>\n<p>Atij iu k\u00ebrkua t\u00eb pranonte nj\u00eb prov\u00eb t\u00eb v\u00ebshtir\u00eb: t\u00eb digjte valixhet e banor\u00ebve t\u00eb tjer\u00eb p\u00ebr t\u00eb siguruar q\u00ebndrimin e tij n\u00eb sht\u00ebpi dhe p\u00ebr t\u2019u b\u00ebr\u00eb zyrtarisht pjes\u00eb e formatit.<\/p>\n<p>\u201cE pranoj sfid\u00ebn. Vendosa t\u2019ua djeg valixhet q\u00eb ta shp\u00ebtoj veten\u201d, tha ai, teksa m\u00eb pas u transmetuan edhe pamjet nga momenti i djegies s\u00eb valixheve jasht\u00eb sht\u00ebpis\u00eb.<\/p>\n<p>Pas k\u00ebsaj, banor\u00ebt u p\u00ebrball\u00ebn edhe me nominimet, bashk\u00eb me Londrimin, i cili tashm\u00eb \u00ebsht\u00eb zyrtarisht pjes\u00eb e reality show-t.<\/p>\n<p>https:\/\/streamable.com\/4koolo<\/p>\n<p>Ky mision shkaktoi reagime t\u00eb forta dhe debate mes banor\u00ebve, pasi shum\u00eb prej tyre u shpreh\u00ebn t\u00eb indinjuar duke th\u00ebn\u00eb se nj\u00eb veprim i till\u00eb ishte i papranuesh\u00ebm, ve\u00e7an\u00ebrisht n\u00eb nisje t\u00eb spektaklit.<\/p>\n<p>N\u00eb fund, Alaudini b\u00ebri t\u00eb ditur se valixhet e djegura nuk p\u00ebrmbanin asnj\u00eb rrob\u00eb, duke shtuar nj\u00eb kthes\u00eb t\u00eb papritur n\u00eb gjith\u00eb situat\u00ebn.<\/p>\n<div id=\"blogs-2405544659\" class=\"blogs-after-content blogs-entity-placement\"><div id=\"div-gpt-ad-1770230601260-0\" style=\"width:300px; height:600px;\"><\/div><\/div><div id=\"blogs-4232777620\" class=\"blogs-adsense-after-kontent blogs-entity-placement\"><script async src=\"https:\/\/pagead2.googlesyndication.com\/pagead\/js\/adsbygoogle.js\"\r\n     crossorigin=\"anonymous\"><\/script>\r\n<!-- Tiranaread -->\r\n<ins class=\"adsbygoogle\"\r\n     style=\"display:inline-block;width:728px;height:90px\"\r\n     data-ad-client=\"ca-pub-2355142065052501\"\r\n\t data-page-url=\"https:\/\/blogseyir.com\"\r\n     data-ad-slot=\"7464751963\"><\/ins>\r\n<script>\r\n     (adsbygoogle = window.adsbygoogle || []).push({});\r\n<\/script><\/div>","protected":false},"excerpt":{"rendered":"<p>K\u00ebng\u00ebtari i ri nga Peja, Londrim Mekaj, i cili s\u00eb fundmi iu bashkua edicionit t\u00eb kat\u00ebrt t\u00eb BBVK, mori menj\u00ebher\u00eb sfid\u00ebn e par\u00eb t\u00eb vendosur nga \u201cV\u00ebllai i Madh\u201d p\u00ebrmes zinxhirit t\u00eb shp\u00ebtimit. Atij iu k\u00ebrkua t\u00eb pranonte nj\u00eb prov\u00eb t\u00eb v\u00ebshtir\u00eb: t\u00eb digjte valixhet e banor\u00ebve t\u00eb tjer\u00eb p\u00ebr t\u00eb siguruar q\u00ebndrimin e tij [&hellip;]<\/p>\n","protected":false},"author":1,"featured_media":35581,"comment_status":"open","ping_status":"closed","sticky":false,"template":"","format":"standard","meta":{"footnotes":""},"categories":[32],"tags":[393,69,403,2086,2085],"class_list":["post-35579","post","type-post","status-publish","format-standard","has-post-thumbnail","hentry","category-te-fundit","tag-alaudin-hamiti","tag-bbvk","tag-jonida-vokshi","tag-valixhe","tag-vellai-i-madh"],"_links":{"self":[{"href":"https:\/\/blogseyir.com\/wp\/wp-json\/wp\/v2\/posts\/35579","targetHints":{"allow":["GET"]}}],"collection":[{"href":"https:\/\/blogseyir.com\/wp\/wp-json\/wp\/v2\/posts"}],"about":[{"href":"https:\/\/blogseyir.com\/wp\/wp-json\/wp\/v2\/types\/post"}],"author":[{"embeddable":true,"href":"https:\/\/blogseyir.com\/wp\/wp-json\/wp\/v2\/users\/1"}],"replies":[{"embeddable":true,"href":"https:\/\/blogseyir.com\/wp\/wp-json\/wp\/v2\/comments?post=35579"}],"version-history":[{"count":1,"href":"https:\/\/blogseyir.com\/wp\/wp-json\/wp\/v2\/posts\/35579\/revisions"}],"predecessor-version":[{"id":35580,"href":"https:\/\/blogseyir.com\/wp\/wp-json\/wp\/v2\/posts\/35579\/revisions\/35580"}],"wp:featuredmedia":[{"embeddable":true,"href":"https:\/\/blogseyir.com\/wp\/wp-json\/wp\/v2\/media\/35581"}],"wp:attachment":[{"href":"https:\/\/blogseyir.com\/wp\/wp-json\/wp\/v2\/media?parent=35579"}],"wp:term":[{"taxonomy":"category","embeddable":true,"href":"https:\/\/blogseyir.com\/wp\/wp-json\/wp\/v2\/categories?post=35579"},{"taxonomy":"post_tag","embeddable":true,"href":"https:\/\/blogseyir.com\/wp\/wp-json\/wp\/v2\/tags?post=35579"}],"curies":[{"name":"wp","href":"https:\/\/api.w.org\/{rel}","templated":true}]}}