{"id":35125,"date":"2025-11-11T10:00:28","date_gmt":"2025-11-11T10:00:28","guid":{"rendered":"https:\/\/blogseyir.com\/wp\/?p=35125"},"modified":"2025-11-11T10:00:29","modified_gmt":"2025-11-11T10:00:29","slug":"cfare-po-ndodh-xhensila-dhe-bes-kallaku-behen-bashke-arsyeja-eshte-kjo","status":"publish","type":"post","link":"https:\/\/blogseyir.com\/wp\/cfare-po-ndodh-xhensila-dhe-bes-kallaku-behen-bashke-arsyeja-eshte-kjo\/","title":{"rendered":"Cfar\u00eb po ndodh? Xhensila dhe Bes Kallaku b\u00ebhen bashk\u00eb, arsyeja \u00ebsht\u00eb kjo!"},"content":{"rendered":"<p>K\u00ebng\u00ebtarja Xhensila Myrtezaj dhe aktori i humorit Bes Kallaku kan\u00eb ndar\u00eb mesazhe zem\u00ebrthyese dhe emocionuese p\u00ebr dit\u00eblindjen e dyt\u00eb t\u00eb djalit t\u00eb tyre, Amen, duke treguar se pavar\u00ebsisht divorcit t\u00eb ndodhur rreth nj\u00eb vit m\u00eb par\u00eb, p\u00ebrkushtimi prind\u00ebror mbetet primar.<\/p>\n<p>\u00c7ifti, i cili i dha fund martes\u00ebs s\u00eb tyre, vijon t\u00eb ket\u00eb nj\u00eb marr\u00ebdh\u00ebnie korrekte n\u00eb funksion t\u00eb rritjes s\u00eb f\u00ebmij\u00ebve. K\u00ebt\u00eb e treguan edhe dit\u00ebn e sotme, kur secili n\u00eb llogarit\u00eb e tyre t\u00eb Instagramit publikuan video me momente t\u00eb \u00ebmbla me djalin e tyre.<\/p>\n<p>Mesazhet emocionuese:<\/p>\n<p>Bes Kallaku shkroi: \u201cI vogli im, djali me superfuqi engj\u00ebllore i b\u00ebn 2 vje\u00e7. U rritsh me Zotin biri im. Ai do t\u00eb ta plot\u00ebsoj\u00eb shpirtin dhe do t\u00eb t\u00eb forcoj\u00eb eshtrat. Me gjith\u00eb dashurin\u00eb e zemr\u00ebs sime them Amen.\u201d<\/p>\n<p>https:\/\/streamable.com\/8ujoac<\/p>\n<p>Xhensila b\u00ebri nj\u00eb rr\u00ebfim m\u00eb t\u00eb thell\u00eb, duke e cil\u00ebsuar djalin si shp\u00ebtimtar: \u201cAmen, ti bebe e bekuar, q\u00eb solle drit\u00eb n\u00eb jet\u00ebn time, solle forc\u00eb aty ku mendova se s\u2019kishte asnj\u00eb, dhe m\u00eb dhurove \u00e7do dit\u00eb cop\u00ebza parajse\u2026 Ti m\u00eb shp\u00ebtove, Amen, m\u00eb shp\u00ebtove jet\u00ebn, my savior, shp\u00ebtimtari im.\u201d Ajo shtoi: \u201cT\u00eb dua me nj\u00eb dashuri q\u00eb as fjala s\u2019mund ta p\u00ebrshkruaj\u00eb, por q\u00eb \u00ebsht\u00eb m\u00eb e fuqishme se \u00e7do drit\u00eb, m\u00eb e fort\u00eb se \u00e7do dhimbje.\u201d<\/p>\n<p>https:\/\/streamable.com\/7484v5<\/p>\n<p>K\u00ebto dedikime t\u00eb ndjera tregojn\u00eb qart\u00eb se edhe pas ndarjes, djali i tyre Amen mbetet drita dhe forca kryesore p\u00ebr t\u00eb dy prind\u00ebrit.<\/p>\n<p>&nbsp;<\/p>\n<div id=\"blogs-1246756597\" class=\"blogs-after-content blogs-entity-placement\"><div id=\"div-gpt-ad-1770230601260-0\" style=\"width:300px; height:600px;\"><\/div><\/div><div id=\"blogs-1252798131\" class=\"blogs-adsense-after-kontent blogs-entity-placement\"><script async src=\"https:\/\/pagead2.googlesyndication.com\/pagead\/js\/adsbygoogle.js\"\r\n     crossorigin=\"anonymous\"><\/script>\r\n<!-- Tiranaread -->\r\n<ins class=\"adsbygoogle\"\r\n     style=\"display:inline-block;width:728px;height:90px\"\r\n     data-ad-client=\"ca-pub-2355142065052501\"\r\n\t data-page-url=\"https:\/\/blogseyir.com\"\r\n     data-ad-slot=\"7464751963\"><\/ins>\r\n<script>\r\n     (adsbygoogle = window.adsbygoogle || []).push({});\r\n<\/script><\/div>","protected":false},"excerpt":{"rendered":"<p>K\u00ebng\u00ebtarja Xhensila Myrtezaj dhe aktori i humorit Bes Kallaku kan\u00eb ndar\u00eb mesazhe zem\u00ebrthyese dhe emocionuese p\u00ebr dit\u00eblindjen e dyt\u00eb t\u00eb djalit t\u00eb tyre, Amen, duke treguar se pavar\u00ebsisht divorcit t\u00eb ndodhur rreth nj\u00eb vit m\u00eb par\u00eb, p\u00ebrkushtimi prind\u00ebror mbetet primar. \u00c7ifti, i cili i dha fund martes\u00ebs s\u00eb tyre, vijon t\u00eb ket\u00eb nj\u00eb marr\u00ebdh\u00ebnie korrekte [&hellip;]<\/p>\n","protected":false},"author":1,"featured_media":35127,"comment_status":"open","ping_status":"closed","sticky":false,"template":"","format":"standard","meta":{"footnotes":""},"categories":[32],"tags":[2046,254,58],"class_list":["post-35125","post","type-post","status-publish","format-standard","has-post-thumbnail","hentry","category-te-fundit","tag-amen","tag-bes-kallaku","tag-xhensila-myrtezaj"],"_links":{"self":[{"href":"https:\/\/blogseyir.com\/wp\/wp-json\/wp\/v2\/posts\/35125","targetHints":{"allow":["GET"]}}],"collection":[{"href":"https:\/\/blogseyir.com\/wp\/wp-json\/wp\/v2\/posts"}],"about":[{"href":"https:\/\/blogseyir.com\/wp\/wp-json\/wp\/v2\/types\/post"}],"author":[{"embeddable":true,"href":"https:\/\/blogseyir.com\/wp\/wp-json\/wp\/v2\/users\/1"}],"replies":[{"embeddable":true,"href":"https:\/\/blogseyir.com\/wp\/wp-json\/wp\/v2\/comments?post=35125"}],"version-history":[{"count":1,"href":"https:\/\/blogseyir.com\/wp\/wp-json\/wp\/v2\/posts\/35125\/revisions"}],"predecessor-version":[{"id":35126,"href":"https:\/\/blogseyir.com\/wp\/wp-json\/wp\/v2\/posts\/35125\/revisions\/35126"}],"wp:featuredmedia":[{"embeddable":true,"href":"https:\/\/blogseyir.com\/wp\/wp-json\/wp\/v2\/media\/35127"}],"wp:attachment":[{"href":"https:\/\/blogseyir.com\/wp\/wp-json\/wp\/v2\/media?parent=35125"}],"wp:term":[{"taxonomy":"category","embeddable":true,"href":"https:\/\/blogseyir.com\/wp\/wp-json\/wp\/v2\/categories?post=35125"},{"taxonomy":"post_tag","embeddable":true,"href":"https:\/\/blogseyir.com\/wp\/wp-json\/wp\/v2\/tags?post=35125"}],"curies":[{"name":"wp","href":"https:\/\/api.w.org\/{rel}","templated":true}]}}