{"id":34741,"date":"2025-11-05T12:02:16","date_gmt":"2025-11-05T12:02:16","guid":{"rendered":"https:\/\/blogseyir.com\/wp\/?p=34741"},"modified":"2025-11-05T12:02:17","modified_gmt":"2025-11-05T12:02:17","slug":"turp-bbv-per-keto-nuk-paska-mbaruar-neda-balluku-i-kthehet-keq-rozana-radit","status":"publish","type":"post","link":"https:\/\/blogseyir.com\/wp\/turp-bbv-per-keto-nuk-paska-mbaruar-neda-balluku-i-kthehet-keq-rozana-radit\/","title":{"rendered":"TURP! BBV p\u00ebr k\u00ebto nuk paska mbaruar: Neda Balluku i kthehet keq Rozana Radit"},"content":{"rendered":"<p>Mbr\u00ebmjen e djeshme, Neda Balluku ishte e ftuar n\u00eb \u201cGoca dhe Gra\u201d p\u00ebr t\u00eb folur rreth divorcit t\u00eb saj me ish-partnerin Ogren Balluku, pas 15 vitesh bashk\u00ebjetese, si dhe p\u00ebr botimin e librit t\u00eb saj \u201cI dashur, ti je trap\u201d.<\/p>\n<p>Neda ishte ulur krah Rozana Radit, me t\u00eb cil\u00ebn pati p\u00ebrplasje t\u00eb forta gjat\u00eb \u201cBBV\u201d, ku Rozana ishte konkurrente, nd\u00ebrsa Neda opinioniste, dhe duksh\u00ebm kishte hat\u00ebrmbetje mes tyre.<\/p>\n<p>\u201cLibri del kur divorci b\u00ebhet publik, \u00ebsht\u00eb nj\u00eb rast\u00ebsi?\u201d \u2013 e pyeti Rozana Neden, nd\u00ebrsa kjo e fundit iu p\u00ebrgjigj: \u201cNga ty e pres k\u00ebt\u00eb pyetje, por sigurisht q\u00eb \u00ebsht\u00eb t\u00ebr\u00ebsisht rast\u00ebsi, sepse nuk b\u00ebhen shaka me gj\u00ebrat e jet\u00ebs. Un\u00eb di ta ndaj shum\u00eb mir\u00eb pun\u00ebn time publike dhe situatat e mia familjare.\u201d<\/p>\n<p>M\u00eb tej, Rozana e pyeti Neden se si e menaxhon dashurin\u00eb n\u00eb ekran, kur dashuria e saj po p\u00ebrballet me dyert e gjykat\u00ebs, nd\u00ebrkoh\u00eb q\u00eb \u00ebsht\u00eb autore e nj\u00eb programi dashurie si \u201cP\u00ebrputhen\u201d, ku \u2018m\u00ebson\u2019 rinin\u00eb si t\u00eb dashurohet.<\/p>\n<p>\u201cTi t\u2019i thuash nj\u00eb gruaje q\u00eb sapo ka humbur nj\u00eb dashuri t\u00eb vet\u00ebn t\u00eb madhe, se si do shkosh t\u2019ua m\u00ebsosh t\u00eb rinjve, nuk \u00ebsht\u00eb ok\u201d \u2013 tha Neda, pasi u shpreh se nuk \u00ebsht\u00eb detyra e autoreve t\u00eb m\u00ebsojn\u00eb t\u00eb rinjt\u00eb si t\u00eb dashurojn\u00eb, por jan\u00eb ata q\u00eb i tregojn\u00eb publikut se si dashuron brezi i ri.<\/p>\n<p>\u201cDuke qen\u00eb se nuk e keni \u2018sapo humbur\u2019, por that\u00eb q\u00eb kemi disa vite q\u00eb jemi ndar\u00eb, nuk q\u00ebndron kjo q\u00eb that\u00eb\u201d \u2013 ia ktheu Rozi.<\/p>\n<p>M\u00eb tej, nj\u00eb tjet\u00ebr pyetje q\u00eb Rozi i b\u00ebri Nedes ishte: \u201cPam\u00eb kopertin\u00ebn e librit tuaj dhe ju mbanit mbiemrin e ish-bashk\u00ebshortit. Do vazhdoni ta mbani mbiemrin e tij?\u201d<br \/>\n\u201cUn\u00eb mendoj q\u00eb \u00ebsht\u00eb nj\u00eb linj\u00eb shum\u00eb e holl\u00eb nd\u00ebrmjet t\u00eb ndarit biseda shum\u00eb t\u00eb r\u00ebnd\u00ebsishme dhe llafe grash, edhe pyetja jote q\u00eb sapo b\u00ebre \u00ebsht\u00eb pak llafe grash\u201d \u2013 tha Neda duke qeshur n\u00eb m\u00ebnyr\u00eb ironike.<br \/>\nRozana: \u201cJo, mbiemri nuk \u00ebsht\u00eb llafe grash.\u201d<br \/>\nNeda: \u201cKa mbaruar Big-u, Rozana.\u201d<br \/>\nRozana: \u201cN\u00ebse nuk mund t\u00eb p\u00ebrgjigjesh thuaj thjesht \u2018nuk di\u2019 ose \u2018nuk mund t\u00eb p\u00ebrgjigjem\u2019.\u201d<\/p>\n<p>Pas transmetimit t\u00eb intervist\u00ebs, reagimet n\u00eb rrjete sociale nuk munguan. Pjes\u00eb e madhe e publikut e komentoi q\u00ebndrimin e Neda Ballukut si arrogant dhe p\u00ebr\u00e7mues, duke v\u00ebn\u00eb n\u00eb dukje m\u00ebnyr\u00ebn ironike dhe tonin e saj gjat\u00eb p\u00ebrballjes me Rozan\u00ebn.<\/p>\n<div id=\"blogs-2191729687\" class=\"blogs-after-content blogs-entity-placement\"><div id=\"div-gpt-ad-1770230601260-0\" style=\"width:300px; height:600px;\"><\/div><\/div><div id=\"blogs-2982085627\" class=\"blogs-adsense-after-kontent blogs-entity-placement\"><script async src=\"https:\/\/pagead2.googlesyndication.com\/pagead\/js\/adsbygoogle.js\"\r\n     crossorigin=\"anonymous\"><\/script>\r\n<!-- Tiranaread -->\r\n<ins class=\"adsbygoogle\"\r\n     style=\"display:inline-block;width:728px;height:90px\"\r\n     data-ad-client=\"ca-pub-2355142065052501\"\r\n\t data-page-url=\"https:\/\/blogseyir.com\"\r\n     data-ad-slot=\"7464751963\"><\/ins>\r\n<script>\r\n     (adsbygoogle = window.adsbygoogle || []).push({});\r\n<\/script><\/div>","protected":false},"excerpt":{"rendered":"<p>Mbr\u00ebmjen e djeshme, Neda Balluku ishte e ftuar n\u00eb \u201cGoca dhe Gra\u201d p\u00ebr t\u00eb folur rreth divorcit t\u00eb saj me ish-partnerin Ogren Balluku, pas 15 vitesh bashk\u00ebjetese, si dhe p\u00ebr botimin e librit t\u00eb saj \u201cI dashur, ti je trap\u201d. Neda ishte ulur krah Rozana Radit, me t\u00eb cil\u00ebn pati p\u00ebrplasje t\u00eb forta gjat\u00eb \u201cBBV\u201d, [&hellip;]<\/p>\n","protected":false},"author":1,"featured_media":34743,"comment_status":"open","ping_status":"closed","sticky":false,"template":"","format":"standard","meta":{"footnotes":""},"categories":[32],"tags":[468,202],"class_list":["post-34741","post","type-post","status-publish","format-standard","has-post-thumbnail","hentry","category-te-fundit","tag-neda-balluku","tag-rozana-radi"],"_links":{"self":[{"href":"https:\/\/blogseyir.com\/wp\/wp-json\/wp\/v2\/posts\/34741","targetHints":{"allow":["GET"]}}],"collection":[{"href":"https:\/\/blogseyir.com\/wp\/wp-json\/wp\/v2\/posts"}],"about":[{"href":"https:\/\/blogseyir.com\/wp\/wp-json\/wp\/v2\/types\/post"}],"author":[{"embeddable":true,"href":"https:\/\/blogseyir.com\/wp\/wp-json\/wp\/v2\/users\/1"}],"replies":[{"embeddable":true,"href":"https:\/\/blogseyir.com\/wp\/wp-json\/wp\/v2\/comments?post=34741"}],"version-history":[{"count":1,"href":"https:\/\/blogseyir.com\/wp\/wp-json\/wp\/v2\/posts\/34741\/revisions"}],"predecessor-version":[{"id":34742,"href":"https:\/\/blogseyir.com\/wp\/wp-json\/wp\/v2\/posts\/34741\/revisions\/34742"}],"wp:featuredmedia":[{"embeddable":true,"href":"https:\/\/blogseyir.com\/wp\/wp-json\/wp\/v2\/media\/34743"}],"wp:attachment":[{"href":"https:\/\/blogseyir.com\/wp\/wp-json\/wp\/v2\/media?parent=34741"}],"wp:term":[{"taxonomy":"category","embeddable":true,"href":"https:\/\/blogseyir.com\/wp\/wp-json\/wp\/v2\/categories?post=34741"},{"taxonomy":"post_tag","embeddable":true,"href":"https:\/\/blogseyir.com\/wp\/wp-json\/wp\/v2\/tags?post=34741"}],"curies":[{"name":"wp","href":"https:\/\/api.w.org\/{rel}","templated":true}]}}