{"id":34738,"date":"2025-11-05T11:55:57","date_gmt":"2025-11-05T11:55:57","guid":{"rendered":"https:\/\/blogseyir.com\/wp\/?p=34738"},"modified":"2025-11-05T11:55:58","modified_gmt":"2025-11-05T11:55:58","slug":"rama-jep-lajmin-e-mire-per-te-gjithe-ja-sa-do-te-shkoje-paga-minimale-brenda-ketij-mandati","status":"publish","type":"post","link":"https:\/\/blogseyir.com\/wp\/rama-jep-lajmin-e-mire-per-te-gjithe-ja-sa-do-te-shkoje-paga-minimale-brenda-ketij-mandati\/","title":{"rendered":"Rama jep LAJMIN E MIRE p\u00ebr t\u00eb gjith\u00eb: Ja sa do t\u00eb shkoj\u00eb paga minimale brenda k\u00ebtij mandati!"},"content":{"rendered":"<p>Kryeministri Edi Rama p\u00ebrmes nj\u00eb videomesazhi n\u00eb faqen e vet n\u00eb Facebook tha se nga 1 janari i vitit t\u00eb ardhsh\u00ebm paga minimale do t\u00eb shkoj\u00eb n\u00eb 500 euro, nd\u00ebrsa deri n\u00eb fund t\u00eb mandatit do rritet n\u00eb 700 euro.<\/p>\n<p>Rama theksoi se pensionist\u00ebt do t\u00eb ken\u00eb v\u00ebmendjen m\u00eb t\u00eb madhe n\u00eb buxhetin e vitit t\u00eb ardhsh\u00ebm, me 100 milion\u00eb euro shtes\u00eb, shif\u00ebr q\u00eb do dyfishohet n\u00eb 2027 dhe n\u00eb vijim.<\/p>\n<p>\u201cN\u00eb projektbuxhetin e vitit 2026, q\u00eb sapo ka shkuar n\u00eb Parlament, padyshim pjes\u00ebn e luanit e z\u00ebn\u00eb pensionist\u00ebt. Ata e fillojn\u00eb vitin e ardhsh\u00ebm me 100 milion euro shtes\u00eb, p\u00ebrve\u00e7 indeksimit. N\u00eb 2027 e dyfishojm\u00eb shtes\u00ebn: 200 milion euro, plus indeksimi 45 milion euro. N\u00eb 2028 e trefishojm\u00eb: 300 milion euro, plus indeksimi 46 milion euro. 2029 e kat\u00ebrfishojm\u00eb, plus indeksimi, dhe n\u00eb 20 e pes\u00ebfishojm\u00eb, plus indeksimi.<\/p>\n<p>Pra, jan\u00eb rreth 1.7 miliard\u00eb euro m\u00eb shum\u00eb q\u00eb pensionist\u00ebt do t\u00eb marrin, nj\u00eb shum\u00eb e konsiderueshme nga investimi yn\u00eb gjat\u00eb k\u00ebtij mandati t\u00eb kat\u00ebrt qeveris\u00ebs.<\/p>\n<p>Nga 1 janari 2023 do t\u00eb rritet paga minimale p\u00ebr 307,850 punonj\u00ebs, t\u00eb cil\u00ebt do t\u00eb marrin shum\u00eb premtuar prej 500 eurosh, nd\u00ebrsa n\u00eb k\u00ebt\u00eb mandat paga minimale do t\u00eb arrij\u00eb n\u00eb 700 euro. Si\u00e7 kemi premtuar, qeveria do t\u00eb subvencionoj\u00eb me 90 milion\u00eb euro dhe shtes\u00ebn e kostove p\u00ebr 9 muaj n\u00eb sektorin privat.<\/p>\n<p>Ky jam un\u00eb dhe k\u00ebta jemi ne; themi at\u00eb q\u00eb b\u00ebjm\u00eb dhe b\u00ebjm\u00eb at\u00eb q\u00eb themi. Dhe ato 83 mandate q\u00eb ju na dhat\u00eb p\u00ebr t\u00eb qeverisur Shqip\u00ebrin\u00eb n\u00eb mandatin ton\u00eb t\u00eb kat\u00ebrt, p\u00ebr ta ulur n\u00eb tryez\u00ebn e Bashkimit Evropian si t\u00eb barabart\u00eb nd\u00ebr t\u00eb barabart\u00ebt, jan 83 arsye m\u00eb shum\u00eb sesa deri dje p\u00ebr t\u00eb mos fjet gjum\u00eb, p\u00ebr t\u00eb punuar pa pushim dhe p\u00ebr t\u2019ju kthye ju me gjith\u00eb pasionin, vullnetin, k\u00ebmb\u00ebnguljen, durimin dhe dashurin\u00eb e mundshme, p\u00ebr t\u00eb nderuar besimin e jasht\u00ebzakonsh\u00ebm q\u00eb na dhat\u00eb \u2013 nj\u00eb privilegj i jasht\u00ebzakonsh\u00ebm\u201d, tha Rama.<\/p>\n<div id=\"blogs-561381437\" class=\"blogs-after-content blogs-entity-placement\"><div id=\"div-gpt-ad-1770230601260-0\" style=\"width:300px; height:600px;\"><\/div><\/div><div id=\"blogs-1102621201\" class=\"blogs-adsense-after-kontent blogs-entity-placement\"><script async src=\"https:\/\/pagead2.googlesyndication.com\/pagead\/js\/adsbygoogle.js\"\r\n     crossorigin=\"anonymous\"><\/script>\r\n<!-- Tiranaread -->\r\n<ins class=\"adsbygoogle\"\r\n     style=\"display:inline-block;width:728px;height:90px\"\r\n     data-ad-client=\"ca-pub-2355142065052501\"\r\n\t data-page-url=\"https:\/\/blogseyir.com\"\r\n     data-ad-slot=\"7464751963\"><\/ins>\r\n<script>\r\n     (adsbygoogle = window.adsbygoogle || []).push({});\r\n<\/script><\/div>","protected":false},"excerpt":{"rendered":"<p>Kryeministri Edi Rama p\u00ebrmes nj\u00eb videomesazhi n\u00eb faqen e vet n\u00eb Facebook tha se nga 1 janari i vitit t\u00eb ardhsh\u00ebm paga minimale do t\u00eb shkoj\u00eb n\u00eb 500 euro, nd\u00ebrsa deri n\u00eb fund t\u00eb mandatit do rritet n\u00eb 700 euro. Rama theksoi se pensionist\u00ebt do t\u00eb ken\u00eb v\u00ebmendjen m\u00eb t\u00eb madhe n\u00eb buxhetin e vitit [&hellip;]<\/p>\n","protected":false},"author":1,"featured_media":34740,"comment_status":"open","ping_status":"closed","sticky":false,"template":"","format":"standard","meta":{"footnotes":""},"categories":[32],"tags":[342,2017,2018],"class_list":["post-34738","post","type-post","status-publish","format-standard","has-post-thumbnail","hentry","category-te-fundit","tag-edi-rama","tag-paga","tag-rritje"],"_links":{"self":[{"href":"https:\/\/blogseyir.com\/wp\/wp-json\/wp\/v2\/posts\/34738","targetHints":{"allow":["GET"]}}],"collection":[{"href":"https:\/\/blogseyir.com\/wp\/wp-json\/wp\/v2\/posts"}],"about":[{"href":"https:\/\/blogseyir.com\/wp\/wp-json\/wp\/v2\/types\/post"}],"author":[{"embeddable":true,"href":"https:\/\/blogseyir.com\/wp\/wp-json\/wp\/v2\/users\/1"}],"replies":[{"embeddable":true,"href":"https:\/\/blogseyir.com\/wp\/wp-json\/wp\/v2\/comments?post=34738"}],"version-history":[{"count":1,"href":"https:\/\/blogseyir.com\/wp\/wp-json\/wp\/v2\/posts\/34738\/revisions"}],"predecessor-version":[{"id":34739,"href":"https:\/\/blogseyir.com\/wp\/wp-json\/wp\/v2\/posts\/34738\/revisions\/34739"}],"wp:featuredmedia":[{"embeddable":true,"href":"https:\/\/blogseyir.com\/wp\/wp-json\/wp\/v2\/media\/34740"}],"wp:attachment":[{"href":"https:\/\/blogseyir.com\/wp\/wp-json\/wp\/v2\/media?parent=34738"}],"wp:term":[{"taxonomy":"category","embeddable":true,"href":"https:\/\/blogseyir.com\/wp\/wp-json\/wp\/v2\/categories?post=34738"},{"taxonomy":"post_tag","embeddable":true,"href":"https:\/\/blogseyir.com\/wp\/wp-json\/wp\/v2\/tags?post=34738"}],"curies":[{"name":"wp","href":"https:\/\/api.w.org\/{rel}","templated":true}]}}