{"id":34677,"date":"2025-11-04T16:48:47","date_gmt":"2025-11-04T16:48:47","guid":{"rendered":"https:\/\/blogseyir.com\/wp\/?p=34677"},"modified":"2025-11-04T16:48:48","modified_gmt":"2025-11-04T16:48:48","slug":"fjalet-e-tij-te-fundit-ishin-flet-mes-dhimbjes-bashkeshorjtja-e-keli-hoxhes-qe-u-vr-ne-berat-per-kalin","status":"publish","type":"post","link":"https:\/\/blogseyir.com\/wp\/fjalet-e-tij-te-fundit-ishin-flet-mes-dhimbjes-bashkeshorjtja-e-keli-hoxhes-qe-u-vr-ne-berat-per-kalin\/","title":{"rendered":"&#8216;Fjal\u00ebt e tij t\u00eb fundit ishin&#8230;&#8217; Flet mes dhimbjes bashk\u00ebshorjtja e Keli Hoxh\u00ebs q\u00eb u vr* n\u00eb Berat p\u00ebr Kalin"},"content":{"rendered":"<p>Bashk\u00ebshortja e Keli Hoxh\u00ebs, personit q\u00eb u vra t\u00eb mart\u00ebn n\u00eb Berat, ka d\u00ebrguar nj\u00eb mesazh t\u00eb detajuar p\u00ebr rrethanat e ngjarjes, drejtuar gazetarit Blendi Fevziu.<\/p>\n<p>P\u00ebrve\u00e7se mohon q\u00eb ngjarja t\u00eb ket\u00eb ardhur si pasoj\u00eb e \u201cmunges\u00ebs s\u00eb pages\u00ebs\u201d, si\u00e7 u p\u00ebrfol n\u00eb rrjet, ajo tregon se f\u00ebmij\u00ebt po p\u00ebrballen me nj\u00eb traum\u00eb t\u00eb madhe.<\/p>\n<p>\u201cPershendetje Z. Fevziu. Une jam Vjola Haxhia bashkeshortja e Keli Hoxha qe u vra te marten ne Berat.Fillimisht doja tju falendroja shume per ceshtjen qe ke trajtuar edhe kohen qe i keni kushtuar ngjarjes tone. Ne familjarisht kemi 14 vite qe jetojme ne Britanine e madhe, kishim ardhur ne shqiperi per pushime edhe nje nga destinacionet tona ishte vizita ne kalane e Beratit per tju mesuar edhe femijeve me shume nga historia shqiptare.<\/p>\n<p>Ne vizituam kalane me familjen time edhe nenen e bashkeshorti, diku nga qendra e kalase ishte nje kale i lidhur ne shtylle qe vajza ime 8 vjecare Sevia e pa edhe i tha babait te saj: a mund te aftohem ta prek kalin? Theksoj qe ne ate moment kali ishte vetem nuk kishte te zotin aty. Keli bashke me vajzen u afruan ta preknin kalin nga gusha. Ne ate moment shfaqet pronari i kalit duke uleritur direkt qe mos ta preknim kalin sepse acarohet. Burri i tha mos u shqeteso sepse une jam rritur ne fshat ku kisha edhe kale edhe di si ta trajtoj<\/p>\n<p>Ai filloj duke debatuar me bashkeshortin tim ne nje gjuhe shume vulgare. Bashkeshorti im i tha se je ne moshen e gjyshit tim edhe nuk po merem te debatoj me ty. THEKSOJ se keto momente Keli ishte dore per dore me vajzen.<\/p>\n<p>I ktheu shpinen edhe u nis te vinte nga ne. Ne ate moment ai e peshtyu nga mbrapa burrin tim 3 here edhe e ofendoi nga familja. Burri im u kthye edhe ju afrua por ne sekond direk u kthye nga une edhe me dore ne bark me tha: shpirt njofto ambulancen se me vrau me thike, dhe ra ne toke i mbuluar me gjak. Aty kishte mbi 100 turiste qe po shikonin edhe mund te keni mjaftushem deshmitare per ta konfirmuar.Kam lexuar ne disa media qe u vra sepse nuk beri beri pagesen. E kundershtoj rreptesisht nje lajm te tille sepse nuk beri asnje foto.<\/p>\n<p>Perse mediat nuk flasin apo shteti nuk interesohet si jane femijet i mi? Qe jane ne shok, qe mund tme ishte vrare edhe femija me thike ne ato momente. Femijet jane ne gjendje shoku. Nuk flene, nuk hane nuk flasin.\u201d<\/p>\n<div id=\"blogs-3154261942\" class=\"blogs-after-content blogs-entity-placement\"><div id=\"div-gpt-ad-1770230601260-0\" style=\"width:300px; height:600px;\"><\/div><\/div><div id=\"blogs-443694802\" class=\"blogs-adsense-after-kontent blogs-entity-placement\"><script async src=\"https:\/\/pagead2.googlesyndication.com\/pagead\/js\/adsbygoogle.js\"\r\n     crossorigin=\"anonymous\"><\/script>\r\n<!-- Tiranaread -->\r\n<ins class=\"adsbygoogle\"\r\n     style=\"display:inline-block;width:728px;height:90px\"\r\n     data-ad-client=\"ca-pub-2355142065052501\"\r\n\t data-page-url=\"https:\/\/blogseyir.com\"\r\n     data-ad-slot=\"7464751963\"><\/ins>\r\n<script>\r\n     (adsbygoogle = window.adsbygoogle || []).push({});\r\n<\/script><\/div>","protected":false},"excerpt":{"rendered":"<p>Bashk\u00ebshortja e Keli Hoxh\u00ebs, personit q\u00eb u vra t\u00eb mart\u00ebn n\u00eb Berat, ka d\u00ebrguar nj\u00eb mesazh t\u00eb detajuar p\u00ebr rrethanat e ngjarjes, drejtuar gazetarit Blendi Fevziu. P\u00ebrve\u00e7se mohon q\u00eb ngjarja t\u00eb ket\u00eb ardhur si pasoj\u00eb e \u201cmunges\u00ebs s\u00eb pages\u00ebs\u201d, si\u00e7 u p\u00ebrfol n\u00eb rrjet, ajo tregon se f\u00ebmij\u00ebt po p\u00ebrballen me nj\u00eb traum\u00eb t\u00eb madhe. [&hellip;]<\/p>\n","protected":false},"author":1,"featured_media":34679,"comment_status":"open","ping_status":"closed","sticky":false,"template":"","format":"standard","meta":{"footnotes":""},"categories":[32],"tags":[485,94,2014,56],"class_list":["post-34677","post","type-post","status-publish","format-standard","has-post-thumbnail","hentry","category-te-fundit","tag-bashkeshortja","tag-berat","tag-keli-hoxha","tag-vrasje"],"_links":{"self":[{"href":"https:\/\/blogseyir.com\/wp\/wp-json\/wp\/v2\/posts\/34677","targetHints":{"allow":["GET"]}}],"collection":[{"href":"https:\/\/blogseyir.com\/wp\/wp-json\/wp\/v2\/posts"}],"about":[{"href":"https:\/\/blogseyir.com\/wp\/wp-json\/wp\/v2\/types\/post"}],"author":[{"embeddable":true,"href":"https:\/\/blogseyir.com\/wp\/wp-json\/wp\/v2\/users\/1"}],"replies":[{"embeddable":true,"href":"https:\/\/blogseyir.com\/wp\/wp-json\/wp\/v2\/comments?post=34677"}],"version-history":[{"count":1,"href":"https:\/\/blogseyir.com\/wp\/wp-json\/wp\/v2\/posts\/34677\/revisions"}],"predecessor-version":[{"id":34678,"href":"https:\/\/blogseyir.com\/wp\/wp-json\/wp\/v2\/posts\/34677\/revisions\/34678"}],"wp:featuredmedia":[{"embeddable":true,"href":"https:\/\/blogseyir.com\/wp\/wp-json\/wp\/v2\/media\/34679"}],"wp:attachment":[{"href":"https:\/\/blogseyir.com\/wp\/wp-json\/wp\/v2\/media?parent=34677"}],"wp:term":[{"taxonomy":"category","embeddable":true,"href":"https:\/\/blogseyir.com\/wp\/wp-json\/wp\/v2\/categories?post=34677"},{"taxonomy":"post_tag","embeddable":true,"href":"https:\/\/blogseyir.com\/wp\/wp-json\/wp\/v2\/tags?post=34677"}],"curies":[{"name":"wp","href":"https:\/\/api.w.org\/{rel}","templated":true}]}}