{"id":34206,"date":"2025-10-28T14:52:17","date_gmt":"2025-10-28T14:52:17","guid":{"rendered":"https:\/\/blogseyir.com\/wp\/?p=34206"},"modified":"2025-10-28T14:52:18","modified_gmt":"2025-10-28T14:52:18","slug":"kiara-tito-shtatezene-per-here-te-dyte-plasin-komentet-pas-postimit-te-fundit","status":"publish","type":"post","link":"https:\/\/blogseyir.com\/wp\/kiara-tito-shtatezene-per-here-te-dyte-plasin-komentet-pas-postimit-te-fundit\/","title":{"rendered":"Kiara Tito shtat\u00ebz\u00ebn\u00eb p\u00ebr her\u00eb t\u00eb dyt\u00eb? Plasin komentet pas postimit t\u00eb fundit"},"content":{"rendered":"<p>Moderatorja e njohur Kiara Tito ka ndar\u00eb s\u00eb fundmi nj\u00eb foto elegante n\u00eb rrjetet sociale, ku shfaqet p\u00ebrkrah bashk\u00ebshortit t\u00eb saj, Luiz Ejlli.<\/p>\n<p>\u00c7ifti \u00ebsht\u00eb shfaqur i kuruar deri n\u00eb detaj, teksa fotoja \u00ebsht\u00eb shoq\u00ebruar me nj\u00eb mbishkrim t\u00eb thjesht\u00eb, nj\u00eb unaz\u00eb dhe nj\u00eb zem\u00ebr gri.<\/p>\n<p>Pas publikimit t\u00eb fotos, ndjek\u00ebsit kan\u00eb aluduar n\u00ebse moderatorja \u00ebsht\u00eb shtatz\u00ebn\u00eb, duke u bazuar n\u00eb m\u00ebnyr\u00ebn si i rrinte fustani.<\/p>\n<p>Kiara ka reaguar menj\u00ebher\u00eb me humor, duke mohuar lajmet dhe duke i kthyer nj\u00ebrit prej komentuesve: \u201cKu e pe shtatz\u00ebnin\u00eb, m\u00eb fal?\u201d<\/p>\n<p>Ky reagim i saj ka marr\u00eb dhjet\u00ebra p\u00eblqime dhe ka ndaluar menj\u00ebher\u00eb p\u00ebrhapjen e thashethemeve.<\/p>\n<p>Nd\u00ebrkoh\u00eb, kujtojm\u00eb se Luizi ka shprehur m\u00eb par\u00eb d\u00ebshir\u00ebn p\u00ebr t\u2019u b\u00ebr\u00eb baba p\u00ebr her\u00eb t\u00eb dyt\u00eb, por mesa duket, p\u00ebr momentin, \u00e7ifti po shijon rritjen e vajz\u00ebs s\u00eb tyre Luna dhe koh\u00ebn n\u00eb \u00e7ift.<\/p>\n<p><img loading=\"lazy\" decoding=\"async\" class=\"alignnone size-full wp-image-36738\" src=\"https:\/\/post.gazetatirana.com\/wp-content\/uploads\/2025\/10\/image-569.webp\" alt=\"\" width=\"547\" height=\"867\" \/><\/p>\n<div id=\"blogs-3356414650\" class=\"blogs-after-content blogs-entity-placement\"><div id=\"div-gpt-ad-1770230601260-0\" style=\"width:300px; height:600px;\"><\/div><\/div><div id=\"blogs-194721989\" class=\"blogs-adsense-after-kontent blogs-entity-placement\"><script async src=\"https:\/\/pagead2.googlesyndication.com\/pagead\/js\/adsbygoogle.js\"\r\n     crossorigin=\"anonymous\"><\/script>\r\n<!-- Tiranaread -->\r\n<ins class=\"adsbygoogle\"\r\n     style=\"display:inline-block;width:728px;height:90px\"\r\n     data-ad-client=\"ca-pub-2355142065052501\"\r\n\t data-page-url=\"https:\/\/blogseyir.com\"\r\n     data-ad-slot=\"7464751963\"><\/ins>\r\n<script>\r\n     (adsbygoogle = window.adsbygoogle || []).push({});\r\n<\/script><\/div>","protected":false},"excerpt":{"rendered":"<p>Moderatorja e njohur Kiara Tito ka ndar\u00eb s\u00eb fundmi nj\u00eb foto elegante n\u00eb rrjetet sociale, ku shfaqet p\u00ebrkrah bashk\u00ebshortit t\u00eb saj, Luiz Ejlli. \u00c7ifti \u00ebsht\u00eb shfaqur i kuruar deri n\u00eb detaj, teksa fotoja \u00ebsht\u00eb shoq\u00ebruar me nj\u00eb mbishkrim t\u00eb thjesht\u00eb, nj\u00eb unaz\u00eb dhe nj\u00eb zem\u00ebr gri. Pas publikimit t\u00eb fotos, ndjek\u00ebsit kan\u00eb aluduar n\u00ebse moderatorja [&hellip;]<\/p>\n","protected":false},"author":1,"featured_media":34208,"comment_status":"open","ping_status":"closed","sticky":false,"template":"","format":"standard","meta":{"footnotes":""},"categories":[32],"tags":[107,382],"class_list":["post-34206","post","type-post","status-publish","format-standard","has-post-thumbnail","hentry","category-te-fundit","tag-kiara-tito","tag-shtatezene"],"_links":{"self":[{"href":"https:\/\/blogseyir.com\/wp\/wp-json\/wp\/v2\/posts\/34206","targetHints":{"allow":["GET"]}}],"collection":[{"href":"https:\/\/blogseyir.com\/wp\/wp-json\/wp\/v2\/posts"}],"about":[{"href":"https:\/\/blogseyir.com\/wp\/wp-json\/wp\/v2\/types\/post"}],"author":[{"embeddable":true,"href":"https:\/\/blogseyir.com\/wp\/wp-json\/wp\/v2\/users\/1"}],"replies":[{"embeddable":true,"href":"https:\/\/blogseyir.com\/wp\/wp-json\/wp\/v2\/comments?post=34206"}],"version-history":[{"count":1,"href":"https:\/\/blogseyir.com\/wp\/wp-json\/wp\/v2\/posts\/34206\/revisions"}],"predecessor-version":[{"id":34207,"href":"https:\/\/blogseyir.com\/wp\/wp-json\/wp\/v2\/posts\/34206\/revisions\/34207"}],"wp:featuredmedia":[{"embeddable":true,"href":"https:\/\/blogseyir.com\/wp\/wp-json\/wp\/v2\/media\/34208"}],"wp:attachment":[{"href":"https:\/\/blogseyir.com\/wp\/wp-json\/wp\/v2\/media?parent=34206"}],"wp:term":[{"taxonomy":"category","embeddable":true,"href":"https:\/\/blogseyir.com\/wp\/wp-json\/wp\/v2\/categories?post=34206"},{"taxonomy":"post_tag","embeddable":true,"href":"https:\/\/blogseyir.com\/wp\/wp-json\/wp\/v2\/tags?post=34206"}],"curies":[{"name":"wp","href":"https:\/\/api.w.org\/{rel}","templated":true}]}}