{"id":34197,"date":"2025-10-28T14:22:31","date_gmt":"2025-10-28T14:22:31","guid":{"rendered":"https:\/\/blogseyir.com\/wp\/?p=34197"},"modified":"2025-10-28T14:22:32","modified_gmt":"2025-10-28T14:22:32","slug":"ngjarje-fatale-ne-vend-i-biri-vrt-me-thke-babain-e-tij","status":"publish","type":"post","link":"https:\/\/blogseyir.com\/wp\/ngjarje-fatale-ne-vend-i-biri-vrt-me-thke-babain-e-tij\/","title":{"rendered":"Ngjarje fatale n\u00eb vend: I biri vr*t me th*k\u00eb babain e tij"},"content":{"rendered":"<p>Nj\u00eb ngjarje e r\u00ebnd\u00eb ka ndodhur mesdit\u00ebn e sotme n\u00eb Durr\u00ebs, me pasoj\u00eb nj\u00eb viktim\u00eb.<\/p>\n<p>Raportohet se nj\u00eb person ka vrar\u00eb me thik\u00eb baban\u00eb e tij.<\/p>\n<p>Nga informacionet paraprake dyshohet se djali vuante nga probleme t\u00eb sh\u00ebndetit mendor.<\/p>\n<p>Policia ndodhet n\u00eb vendin e ngjarjes dhe po punon p\u00ebr zbardhjen e ngjarjes.<\/p>\n<div id=\"blogs-3526865300\" class=\"blogs-after-content blogs-entity-placement\"><div id=\"div-gpt-ad-1770230601260-0\" style=\"width:300px; height:600px;\"><\/div><\/div><div id=\"blogs-2315533592\" class=\"blogs-adsense-after-kontent blogs-entity-placement\"><script async src=\"https:\/\/pagead2.googlesyndication.com\/pagead\/js\/adsbygoogle.js\"\r\n     crossorigin=\"anonymous\"><\/script>\r\n<!-- Tiranaread -->\r\n<ins class=\"adsbygoogle\"\r\n     style=\"display:inline-block;width:728px;height:90px\"\r\n     data-ad-client=\"ca-pub-2355142065052501\"\r\n\t data-page-url=\"https:\/\/blogseyir.com\"\r\n     data-ad-slot=\"7464751963\"><\/ins>\r\n<script>\r\n     (adsbygoogle = window.adsbygoogle || []).push({});\r\n<\/script><\/div>","protected":false},"excerpt":{"rendered":"<p>Nj\u00eb ngjarje e r\u00ebnd\u00eb ka ndodhur mesdit\u00ebn e sotme n\u00eb Durr\u00ebs, me pasoj\u00eb nj\u00eb viktim\u00eb. Raportohet se nj\u00eb person ka vrar\u00eb me thik\u00eb baban\u00eb e tij. Nga informacionet paraprake dyshohet se djali vuante nga probleme t\u00eb sh\u00ebndetit mendor. Policia ndodhet n\u00eb vendin e ngjarjes dhe po punon p\u00ebr zbardhjen e ngjarjes.<\/p>\n","protected":false},"author":1,"featured_media":34199,"comment_status":"open","ping_status":"closed","sticky":false,"template":"","format":"standard","meta":{"footnotes":""},"categories":[32],"tags":[593,82,184,40,56],"class_list":["post-34197","post","type-post","status-publish","format-standard","has-post-thumbnail","hentry","category-te-fundit","tag-babai","tag-djali","tag-durres","tag-te-fundit","tag-vrasje"],"_links":{"self":[{"href":"https:\/\/blogseyir.com\/wp\/wp-json\/wp\/v2\/posts\/34197","targetHints":{"allow":["GET"]}}],"collection":[{"href":"https:\/\/blogseyir.com\/wp\/wp-json\/wp\/v2\/posts"}],"about":[{"href":"https:\/\/blogseyir.com\/wp\/wp-json\/wp\/v2\/types\/post"}],"author":[{"embeddable":true,"href":"https:\/\/blogseyir.com\/wp\/wp-json\/wp\/v2\/users\/1"}],"replies":[{"embeddable":true,"href":"https:\/\/blogseyir.com\/wp\/wp-json\/wp\/v2\/comments?post=34197"}],"version-history":[{"count":1,"href":"https:\/\/blogseyir.com\/wp\/wp-json\/wp\/v2\/posts\/34197\/revisions"}],"predecessor-version":[{"id":34198,"href":"https:\/\/blogseyir.com\/wp\/wp-json\/wp\/v2\/posts\/34197\/revisions\/34198"}],"wp:featuredmedia":[{"embeddable":true,"href":"https:\/\/blogseyir.com\/wp\/wp-json\/wp\/v2\/media\/34199"}],"wp:attachment":[{"href":"https:\/\/blogseyir.com\/wp\/wp-json\/wp\/v2\/media?parent=34197"}],"wp:term":[{"taxonomy":"category","embeddable":true,"href":"https:\/\/blogseyir.com\/wp\/wp-json\/wp\/v2\/categories?post=34197"},{"taxonomy":"post_tag","embeddable":true,"href":"https:\/\/blogseyir.com\/wp\/wp-json\/wp\/v2\/tags?post=34197"}],"curies":[{"name":"wp","href":"https:\/\/api.w.org\/{rel}","templated":true}]}}