{"id":34124,"date":"2025-10-27T13:37:48","date_gmt":"2025-10-27T13:37:48","guid":{"rendered":"https:\/\/blogseyir.com\/wp\/?p=34124"},"modified":"2025-10-27T13:37:49","modified_gmt":"2025-10-27T13:37:49","slug":"ngjarje-tragjike-ne-vend-gjendet-i-pajete-nje-person-dyshohet-se","status":"publish","type":"post","link":"https:\/\/blogseyir.com\/wp\/ngjarje-tragjike-ne-vend-gjendet-i-pajete-nje-person-dyshohet-se\/","title":{"rendered":"Ngjarje tragjike ne vend! Gjendet i pajet\u00eb nj\u00eb person, dyshohet se&#8230;"},"content":{"rendered":"<p>Nj\u00eb 59 vjecar \u00ebsht\u00eb gjetur sot i pajet\u00eb n\u00eb ambientet e magazin\u00ebs pran\u00eb banes\u00ebs s\u00eb tij n\u00eb Fier.<\/p>\n<p>Burime t\u00eb policis\u00eb than\u00eb se 59-vjecari me inicialet Sh.S, dyshohet t\u00eb jet\u00eb vet\u00ebvrar\u00eb me arm\u00eb gjaku.<\/p>\n<p>Ngjarja u sh\u00ebnua mesdit\u00ebn e k\u00ebsaj t\u00eb h\u00ebne n\u00eb fshatin Cakran. Grupi hetimor po punon p\u00ebr zbardhjen e shkakut dhe rrethanave t\u00eb rastit.<\/p>\n<p>Njoftimi i policis\u00eb:<\/p>\n<p>Fier\/Informacion paraprak<\/p>\n<p>Rreth or\u00ebs 13:20, n\u00eb fshatin Cakran, n\u00eb ambientet e magazin\u00ebs pran\u00eb banes\u00ebs, dyshohet se \u00ebsht\u00eb vet\u00ebvrar\u00eb me arm\u00eb gjahu, shtetasi Sh. S., 59 vje\u00e7.<\/p>\n<p>Grupi hetimor po punon p\u00ebr zbardhjen e shkakut dhe rrethanave t\u00eb rastit.<\/p>\n<div id=\"blogs-2168269652\" class=\"blogs-after-content blogs-entity-placement\"><div id=\"div-gpt-ad-1770230601260-0\" style=\"width:300px; height:600px;\"><\/div><\/div><div id=\"blogs-2137785885\" class=\"blogs-adsense-after-kontent blogs-entity-placement\"><script async src=\"https:\/\/pagead2.googlesyndication.com\/pagead\/js\/adsbygoogle.js\"\r\n     crossorigin=\"anonymous\"><\/script>\r\n<!-- Tiranaread -->\r\n<ins class=\"adsbygoogle\"\r\n     style=\"display:inline-block;width:728px;height:90px\"\r\n     data-ad-client=\"ca-pub-2355142065052501\"\r\n\t data-page-url=\"https:\/\/blogseyir.com\"\r\n     data-ad-slot=\"7464751963\"><\/ins>\r\n<script>\r\n     (adsbygoogle = window.adsbygoogle || []).push({});\r\n<\/script><\/div>","protected":false},"excerpt":{"rendered":"<p>Nj\u00eb 59 vjecar \u00ebsht\u00eb gjetur sot i pajet\u00eb n\u00eb ambientet e magazin\u00ebs pran\u00eb banes\u00ebs s\u00eb tij n\u00eb Fier. Burime t\u00eb policis\u00eb than\u00eb se 59-vjecari me inicialet Sh.S, dyshohet t\u00eb jet\u00eb vet\u00ebvrar\u00eb me arm\u00eb gjaku. Ngjarja u sh\u00ebnua mesdit\u00ebn e k\u00ebsaj t\u00eb h\u00ebne n\u00eb fshatin Cakran. Grupi hetimor po punon p\u00ebr zbardhjen e shkakut dhe rrethanave [&hellip;]<\/p>\n","protected":false},"author":1,"featured_media":34126,"comment_status":"open","ping_status":"closed","sticky":false,"template":"","format":"standard","meta":{"footnotes":""},"categories":[32],"tags":[511,40,304],"class_list":["post-34124","post","type-post","status-publish","format-standard","has-post-thumbnail","hentry","category-te-fundit","tag-fier","tag-te-fundit","tag-vetvrasje"],"_links":{"self":[{"href":"https:\/\/blogseyir.com\/wp\/wp-json\/wp\/v2\/posts\/34124","targetHints":{"allow":["GET"]}}],"collection":[{"href":"https:\/\/blogseyir.com\/wp\/wp-json\/wp\/v2\/posts"}],"about":[{"href":"https:\/\/blogseyir.com\/wp\/wp-json\/wp\/v2\/types\/post"}],"author":[{"embeddable":true,"href":"https:\/\/blogseyir.com\/wp\/wp-json\/wp\/v2\/users\/1"}],"replies":[{"embeddable":true,"href":"https:\/\/blogseyir.com\/wp\/wp-json\/wp\/v2\/comments?post=34124"}],"version-history":[{"count":1,"href":"https:\/\/blogseyir.com\/wp\/wp-json\/wp\/v2\/posts\/34124\/revisions"}],"predecessor-version":[{"id":34125,"href":"https:\/\/blogseyir.com\/wp\/wp-json\/wp\/v2\/posts\/34124\/revisions\/34125"}],"wp:featuredmedia":[{"embeddable":true,"href":"https:\/\/blogseyir.com\/wp\/wp-json\/wp\/v2\/media\/34126"}],"wp:attachment":[{"href":"https:\/\/blogseyir.com\/wp\/wp-json\/wp\/v2\/media?parent=34124"}],"wp:term":[{"taxonomy":"category","embeddable":true,"href":"https:\/\/blogseyir.com\/wp\/wp-json\/wp\/v2\/categories?post=34124"},{"taxonomy":"post_tag","embeddable":true,"href":"https:\/\/blogseyir.com\/wp\/wp-json\/wp\/v2\/tags?post=34124"}],"curies":[{"name":"wp","href":"https:\/\/api.w.org\/{rel}","templated":true}]}}