{"id":33971,"date":"2025-10-24T18:33:56","date_gmt":"2025-10-24T18:33:56","guid":{"rendered":"https:\/\/blogseyir.com\/wp\/?p=33971"},"modified":"2025-10-24T18:33:57","modified_gmt":"2025-10-24T18:33:57","slug":"thellohet-dhimbja-ne-maliq-pas-nenes-dhe-djalit-nderron-jete-edhe-6-vjecarja-nefeli","status":"publish","type":"post","link":"https:\/\/blogseyir.com\/wp\/thellohet-dhimbja-ne-maliq-pas-nenes-dhe-djalit-nderron-jete-edhe-6-vjecarja-nefeli\/","title":{"rendered":"Thellohet dhimbja ne Maliq! Pas n\u00ebn\u00ebs dhe djalit, nd\u00ebrron jet\u00eb edhe 6-vje\u00e7arja Nefeli"},"content":{"rendered":"<p>Ka nd\u00ebrruar jet\u00eb 6-vje\u00e7arja Nefeli Hazillari, e cila p\u00ebsoi djegie t\u00eb r\u00ebnda n\u00eb trup pas flak\u00ebve<\/p>\n<p>q\u00eb i p\u00ebrfshin\u00eb banes\u00ebn n\u00eb Maliq pak dit\u00eb m\u00eb par\u00eb.<\/p>\n<p>Nga kjo fatkeq\u00ebsi, nd\u00ebrroi jet\u00eb dhe mamaja e saj Rrahime Hazillari dhe v\u00ebllai i saj 13-vje\u00e7ari Luka.<\/p>\n<p>Nefeli p\u00ebsoi djegie n\u00eb 45% t\u00eb trupit, kryesisht n\u00eb fytyr\u00eb dhe duar.<\/p>\n<p>Lajmi n\u00eb p\u00ebrdit\u00ebsim&#8230;<\/p>\n<div id=\"blogs-2043013083\" class=\"blogs-after-content blogs-entity-placement\"><div id=\"div-gpt-ad-1770230601260-0\" style=\"width:300px; height:600px;\"><\/div><\/div><div id=\"blogs-3314559128\" class=\"blogs-adsense-after-kontent blogs-entity-placement\"><script async src=\"https:\/\/pagead2.googlesyndication.com\/pagead\/js\/adsbygoogle.js\"\r\n     crossorigin=\"anonymous\"><\/script>\r\n<!-- Tiranaread -->\r\n<ins class=\"adsbygoogle\"\r\n     style=\"display:inline-block;width:728px;height:90px\"\r\n     data-ad-client=\"ca-pub-2355142065052501\"\r\n\t data-page-url=\"https:\/\/blogseyir.com\"\r\n     data-ad-slot=\"7464751963\"><\/ins>\r\n<script>\r\n     (adsbygoogle = window.adsbygoogle || []).push({});\r\n<\/script><\/div>","protected":false},"excerpt":{"rendered":"<p>Ka nd\u00ebrruar jet\u00eb 6-vje\u00e7arja Nefeli Hazillari, e cila p\u00ebsoi djegie t\u00eb r\u00ebnda n\u00eb trup pas flak\u00ebve q\u00eb i p\u00ebrfshin\u00eb banes\u00ebn n\u00eb Maliq pak dit\u00eb m\u00eb par\u00eb. Nga kjo fatkeq\u00ebsi, nd\u00ebrroi jet\u00eb dhe mamaja e saj Rrahime Hazillari dhe v\u00ebllai i saj 13-vje\u00e7ari Luka. Nefeli p\u00ebsoi djegie n\u00eb 45% t\u00eb trupit, kryesisht n\u00eb fytyr\u00eb dhe duar. [&hellip;]<\/p>\n","protected":false},"author":1,"featured_media":33973,"comment_status":"open","ping_status":"closed","sticky":false,"template":"","format":"standard","meta":{"footnotes":""},"categories":[32],"tags":[1950,1966,688,1965],"class_list":["post-33971","post","type-post","status-publish","format-standard","has-post-thumbnail","hentry","category-te-fundit","tag-djegie","tag-luka","tag-maliq","tag-nefeli"],"_links":{"self":[{"href":"https:\/\/blogseyir.com\/wp\/wp-json\/wp\/v2\/posts\/33971","targetHints":{"allow":["GET"]}}],"collection":[{"href":"https:\/\/blogseyir.com\/wp\/wp-json\/wp\/v2\/posts"}],"about":[{"href":"https:\/\/blogseyir.com\/wp\/wp-json\/wp\/v2\/types\/post"}],"author":[{"embeddable":true,"href":"https:\/\/blogseyir.com\/wp\/wp-json\/wp\/v2\/users\/1"}],"replies":[{"embeddable":true,"href":"https:\/\/blogseyir.com\/wp\/wp-json\/wp\/v2\/comments?post=33971"}],"version-history":[{"count":1,"href":"https:\/\/blogseyir.com\/wp\/wp-json\/wp\/v2\/posts\/33971\/revisions"}],"predecessor-version":[{"id":33972,"href":"https:\/\/blogseyir.com\/wp\/wp-json\/wp\/v2\/posts\/33971\/revisions\/33972"}],"wp:featuredmedia":[{"embeddable":true,"href":"https:\/\/blogseyir.com\/wp\/wp-json\/wp\/v2\/media\/33973"}],"wp:attachment":[{"href":"https:\/\/blogseyir.com\/wp\/wp-json\/wp\/v2\/media?parent=33971"}],"wp:term":[{"taxonomy":"category","embeddable":true,"href":"https:\/\/blogseyir.com\/wp\/wp-json\/wp\/v2\/categories?post=33971"},{"taxonomy":"post_tag","embeddable":true,"href":"https:\/\/blogseyir.com\/wp\/wp-json\/wp\/v2\/tags?post=33971"}],"curies":[{"name":"wp","href":"https:\/\/api.w.org\/{rel}","templated":true}]}}