{"id":33899,"date":"2025-10-24T08:55:43","date_gmt":"2025-10-24T08:55:43","guid":{"rendered":"https:\/\/blogseyir.com\/wp\/?p=33899"},"modified":"2025-10-24T08:56:32","modified_gmt":"2025-10-24T08:56:32","slug":"u-nis-per-ne-pune-por-vdkja-i-preu-rrugen-makina-del-nga-rruga-shoferi-32-vjecar-humb-jeten","status":"publish","type":"post","link":"https:\/\/blogseyir.com\/wp\/u-nis-per-ne-pune-por-vdkja-i-preu-rrugen-makina-del-nga-rruga-shoferi-32-vjecar-humb-jeten\/","title":{"rendered":"U nis p\u00ebr n\u00eb pun\u00eb, por vd*kja i preu rrug\u00ebn\/ Makina del nga rruga, shoferi 32 vjecar humb jet\u00ebn"},"content":{"rendered":"<p>Nj\u00eb aksident me pasoj\u00eb vdekje ka ndodhur n\u00eb or\u00ebt e para t\u00eb m\u00ebngjesit t\u00eb sot\u00ebm n\u00eb fshatin Bubq t\u00eb Kruj\u00ebs.<\/p>\n<p>Sipas informacionit paraprak nga policia, rreth or\u00ebs 06:15, shtetasi A. B., 32 vje\u00e7,<\/p>\n<p>dyshohet se ka humbur kontrollin e automjetit q\u00eb po drejtonte. Si pasoj\u00eb, mjeti ka dal\u00eb nga rruga dhe \u00ebsht\u00eb p\u00ebrplasur me nj\u00eb shtyll\u00eb elektrike.<\/p>\n<p>Nga goditja e fort\u00eb, drejtuesi i automjetit ka humbur jet\u00ebn n\u00eb vend.<\/p>\n<p>Kruj\u00eb\/Informacion paraprak<\/p>\n<p>Rreth or\u00ebs 06:15, n\u00eb fshatin Bubq, shtetasi A. B., 32 vje\u00e7, dyshohet se ka humbur kontrollin e automjetit q\u00eb drejtonte dhe automjeti ka dal\u00eb nga rruga, duke u p\u00ebrplasur me nj\u00eb shtyll\u00eb elektrike.<\/p>\n<p>P\u00ebr pasoj\u00eb, 32-vje\u00e7ari ka humbur jet\u00ebn.<\/p>\n<p>Grupi hetimor vijon pun\u00ebn p\u00ebr p\u00ebrcaktimin e shkaqeve t\u00eb aksidentit.<\/p><div id=\"blogs-3256634180\" class=\"blogs-stick blogs-entity-placement\"><div id=\"div-gpt-ad-1770230783865-0\" style=\"min-width:300px; min-height:50px;\"><\/div><\/div>\n<div id=\"blogs-1969332653\" class=\"blogs-adsense-after-kontent blogs-entity-placement\"><script async src=\"https:\/\/pagead2.googlesyndication.com\/pagead\/js\/adsbygoogle.js\"\r\n     crossorigin=\"anonymous\"><\/script>\r\n<!-- Tiranaread -->\r\n<ins class=\"adsbygoogle\"\r\n     style=\"display:inline-block;width:728px;height:90px\"\r\n     data-ad-client=\"ca-pub-2355142065052501\"\r\n\t data-page-url=\"https:\/\/blogseyir.com\"\r\n     data-ad-slot=\"7464751963\"><\/ins>\r\n<script>\r\n     (adsbygoogle = window.adsbygoogle || []).push({});\r\n<\/script><\/div>","protected":false},"excerpt":{"rendered":"<p>Nj\u00eb aksident me pasoj\u00eb vdekje ka ndodhur n\u00eb or\u00ebt e para t\u00eb m\u00ebngjesit t\u00eb sot\u00ebm n\u00eb fshatin Bubq t\u00eb Kruj\u00ebs. Sipas informacionit paraprak nga policia, rreth or\u00ebs 06:15, shtetasi A. B., 32 vje\u00e7, dyshohet se ka humbur kontrollin e automjetit q\u00eb po drejtonte. Si pasoj\u00eb, mjeti ka dal\u00eb nga rruga dhe \u00ebsht\u00eb p\u00ebrplasur me nj\u00eb [&hellip;]<\/p>\n","protected":false},"author":1,"featured_media":33901,"comment_status":"open","ping_status":"closed","sticky":false,"template":"","format":"standard","meta":{"footnotes":""},"categories":[32],"tags":[183,40,41],"class_list":["post-33899","post","type-post","status-publish","format-standard","has-post-thumbnail","hentry","category-te-fundit","tag-aksident","tag-te-fundit","tag-vdekje"],"_links":{"self":[{"href":"https:\/\/blogseyir.com\/wp\/wp-json\/wp\/v2\/posts\/33899","targetHints":{"allow":["GET"]}}],"collection":[{"href":"https:\/\/blogseyir.com\/wp\/wp-json\/wp\/v2\/posts"}],"about":[{"href":"https:\/\/blogseyir.com\/wp\/wp-json\/wp\/v2\/types\/post"}],"author":[{"embeddable":true,"href":"https:\/\/blogseyir.com\/wp\/wp-json\/wp\/v2\/users\/1"}],"replies":[{"embeddable":true,"href":"https:\/\/blogseyir.com\/wp\/wp-json\/wp\/v2\/comments?post=33899"}],"version-history":[{"count":1,"href":"https:\/\/blogseyir.com\/wp\/wp-json\/wp\/v2\/posts\/33899\/revisions"}],"predecessor-version":[{"id":33900,"href":"https:\/\/blogseyir.com\/wp\/wp-json\/wp\/v2\/posts\/33899\/revisions\/33900"}],"wp:featuredmedia":[{"embeddable":true,"href":"https:\/\/blogseyir.com\/wp\/wp-json\/wp\/v2\/media\/33901"}],"wp:attachment":[{"href":"https:\/\/blogseyir.com\/wp\/wp-json\/wp\/v2\/media?parent=33899"}],"wp:term":[{"taxonomy":"category","embeddable":true,"href":"https:\/\/blogseyir.com\/wp\/wp-json\/wp\/v2\/categories?post=33899"},{"taxonomy":"post_tag","embeddable":true,"href":"https:\/\/blogseyir.com\/wp\/wp-json\/wp\/v2\/tags?post=33899"}],"curies":[{"name":"wp","href":"https:\/\/api.w.org\/{rel}","templated":true}]}}