{"id":33806,"date":"2025-10-22T16:51:50","date_gmt":"2025-10-22T16:51:50","guid":{"rendered":"https:\/\/blogseyir.com\/wp\/?p=33806"},"modified":"2025-10-22T16:51:51","modified_gmt":"2025-10-22T16:51:51","slug":"hajdeni-se-e-vrva-i-mori-jeten-dalin-detaje-tronditese-se-cfare-18-vjecari-nenes-se-tij-para-se-ta-vrste","status":"publish","type":"post","link":"https:\/\/blogseyir.com\/wp\/hajdeni-se-e-vrva-i-mori-jeten-dalin-detaje-tronditese-se-cfare-18-vjecari-nenes-se-tij-para-se-ta-vrste\/","title":{"rendered":"&#8216;Hajdeni se e vr*va&#8230;&#8217; I mori jet\u00ebn, dalin detaje trondit\u00ebse se cfar\u00eb 18 vjecari n\u00ebn\u00ebs s\u00eb tij para se ta vr*ste"},"content":{"rendered":"<p>Ngjarja tragjike n\u00eb Trikala, ku nj\u00eb 18-vje\u00e7ar vrau n\u00ebn\u00ebn e tij, ka tronditur opinionin publik p\u00ebr shkak t\u00eb brutalitetit me t\u00eb cilin u krye krimi.<\/p>\n<p>Sipas gjetjeve mjeko-ligjore, 54-vje\u00e7arja u mbyt me nj\u00eb peshqir, t\u00eb cilin autori e mbajti fort rreth qaf\u00ebs s\u00eb saj p\u00ebr disa minuta, derisa ajo humbi jet\u00ebn. Prania e gjakut n\u00eb vesh\u00eb dhe sy tregon qart\u00eb vuajtjet e r\u00ebnda q\u00eb gruaja p\u00ebsoi p\u00ebrpara se t\u00eb nd\u00ebrronte jet\u00eb.<\/p>\n<p>I riu \u00ebsht\u00eb v\u00ebn\u00eb n\u00ebn akuz\u00eb p\u00ebr vrasje me dashje dhe pritet t\u00eb dal\u00eb p\u00ebr t\u00eb dh\u00ebn\u00eb d\u00ebshmin\u00eb e tij t\u00eb m\u00ebrkur\u00ebn n\u00eb mesdit\u00eb.<\/p>\n<p>Viktima, e cila p\u00ebrshkruhet nga fqinj\u00ebt si nj\u00eb grua e qet\u00eb dhe e respektuar, ishte e divorcuar dhe jetonte me djalin e saj, nd\u00ebrsa vajza q\u00ebndronte me t\u00eb atin, duke e vizituar t\u00eb \u00ebm\u00ebn gjat\u00eb fundjavave.<\/p>\n<p>Sipas d\u00ebshmive t\u00eb fqinj\u00ebve, mosmarr\u00ebveshjet mes n\u00ebn\u00ebs dhe djalit ishin t\u00eb shpeshta, megjithat\u00eb n\u00eb dit\u00ebn e ngjarjes gjith\u00e7ka dukej e qet\u00eb. T\u00eb dy po shikonin televizor, kur 18-vje\u00e7ari u ngrit, shkoi n\u00eb banjo, mori nj\u00eb peshqir dhe, me nj\u00eb qet\u00ebsi t\u00eb frikshme, ia mb\u00ebshtolli at\u00eb n\u00ebn\u00ebs rreth qaf\u00ebs, duke e mbytur.<\/p>\n<p>Pas krimit, ai q\u00ebndroi plot\u00ebsisht i ftoht\u00eb, telefonoi policin\u00eb, pranoi veprimin dhe priti forcat e rendit q\u00eb ta arrestonin.<\/p>\n<p>Nd\u00ebrkoh\u00eb, avokat\u00ebt mbrojt\u00ebs kan\u00eb deklaruar p\u00ebr median trikalavoice se klienti i tyre nuk ka dh\u00ebn\u00eb asnj\u00eb d\u00ebshmi apo pranim, duke hedhur posht\u00eb raportimet mediatike q\u00eb e citojn\u00eb si t\u00eb ket\u00eb pranuar krimin ose t\u00eb ket\u00eb th\u00ebn\u00eb se \u201ce kishte menduar prej koh\u00ebsh\u201d.<\/p>\n<p>N\u00eb deklarat\u00ebn e tyre t\u00eb plot\u00eb, avokat\u00ebt theksojn\u00eb:<\/p>\n<p>\u201c\u00cbsht\u00eb detyr\u00eb themelore e mbrojtjes ligjore q\u00eb, n\u00eb nj\u00eb tragjedi t\u00eb till\u00eb familjare me dy viktima, t\u00eb mbroj\u00eb jet\u00ebn dhe privat\u00ebsin\u00eb e nj\u00eb t\u00eb riu ende t\u00eb brisht\u00eb, derisa shkenca dhe hetimet t\u00eb zbardhin plot\u00ebsisht rrethanat reale t\u00eb ngjarjes. Ky detyrim, po ashtu, u p\u00ebrket edhe mediave, t\u00eb cilat duhet t\u00eb raportojn\u00eb me p\u00ebrgjegj\u00ebsi dhe sakt\u00ebsi. N\u00ebnvizojm\u00eb se nuk ekziston asnj\u00eb deklarat\u00eb apo pranim nga i akuzuari, p\u00ebrkund\u00ebr pretendimeve t\u00eb pasakta q\u00eb po qarkullojn\u00eb.\u201d<\/p>\n<div id=\"blogs-1705160396\" class=\"blogs-after-content blogs-entity-placement\"><div id=\"div-gpt-ad-1770230601260-0\" style=\"width:300px; height:600px;\"><\/div><\/div><div id=\"blogs-2320351754\" class=\"blogs-adsense-after-kontent blogs-entity-placement\"><script async src=\"https:\/\/pagead2.googlesyndication.com\/pagead\/js\/adsbygoogle.js\"\r\n     crossorigin=\"anonymous\"><\/script>\r\n<!-- Tiranaread -->\r\n<ins class=\"adsbygoogle\"\r\n     style=\"display:inline-block;width:728px;height:90px\"\r\n     data-ad-client=\"ca-pub-2355142065052501\"\r\n\t data-page-url=\"https:\/\/blogseyir.com\"\r\n     data-ad-slot=\"7464751963\"><\/ins>\r\n<script>\r\n     (adsbygoogle = window.adsbygoogle || []).push({});\r\n<\/script><\/div>","protected":false},"excerpt":{"rendered":"<p>Ngjarja tragjike n\u00eb Trikala, ku nj\u00eb 18-vje\u00e7ar vrau n\u00ebn\u00ebn e tij, ka tronditur opinionin publik p\u00ebr shkak t\u00eb brutalitetit me t\u00eb cilin u krye krimi. Sipas gjetjeve mjeko-ligjore, 54-vje\u00e7arja u mbyt me nj\u00eb peshqir, t\u00eb cilin autori e mbajti fort rreth qaf\u00ebs s\u00eb saj p\u00ebr disa minuta, derisa ajo humbi jet\u00ebn. Prania e gjakut n\u00eb [&hellip;]<\/p>\n","protected":false},"author":1,"featured_media":33808,"comment_status":"open","ping_status":"closed","sticky":false,"template":"","format":"standard","meta":{"footnotes":""},"categories":[32],"tags":[1874,119,40,56],"class_list":["post-33806","post","type-post","status-publish","format-standard","has-post-thumbnail","hentry","category-te-fundit","tag-18-vjecari","tag-greqi","tag-te-fundit","tag-vrasje"],"_links":{"self":[{"href":"https:\/\/blogseyir.com\/wp\/wp-json\/wp\/v2\/posts\/33806","targetHints":{"allow":["GET"]}}],"collection":[{"href":"https:\/\/blogseyir.com\/wp\/wp-json\/wp\/v2\/posts"}],"about":[{"href":"https:\/\/blogseyir.com\/wp\/wp-json\/wp\/v2\/types\/post"}],"author":[{"embeddable":true,"href":"https:\/\/blogseyir.com\/wp\/wp-json\/wp\/v2\/users\/1"}],"replies":[{"embeddable":true,"href":"https:\/\/blogseyir.com\/wp\/wp-json\/wp\/v2\/comments?post=33806"}],"version-history":[{"count":1,"href":"https:\/\/blogseyir.com\/wp\/wp-json\/wp\/v2\/posts\/33806\/revisions"}],"predecessor-version":[{"id":33807,"href":"https:\/\/blogseyir.com\/wp\/wp-json\/wp\/v2\/posts\/33806\/revisions\/33807"}],"wp:featuredmedia":[{"embeddable":true,"href":"https:\/\/blogseyir.com\/wp\/wp-json\/wp\/v2\/media\/33808"}],"wp:attachment":[{"href":"https:\/\/blogseyir.com\/wp\/wp-json\/wp\/v2\/media?parent=33806"}],"wp:term":[{"taxonomy":"category","embeddable":true,"href":"https:\/\/blogseyir.com\/wp\/wp-json\/wp\/v2\/categories?post=33806"},{"taxonomy":"post_tag","embeddable":true,"href":"https:\/\/blogseyir.com\/wp\/wp-json\/wp\/v2\/tags?post=33806"}],"curies":[{"name":"wp","href":"https:\/\/api.w.org\/{rel}","templated":true}]}}