{"id":33662,"date":"2025-10-20T10:31:42","date_gmt":"2025-10-20T10:31:42","guid":{"rendered":"https:\/\/blogseyir.com\/wp\/?p=33662"},"modified":"2025-10-20T10:31:43","modified_gmt":"2025-10-20T10:31:43","slug":"termeti-i-forte-shkund-vendin-tone-ja-sa-ishte-magnituda-dhe-epiqendra","status":"publish","type":"post","link":"https:\/\/blogseyir.com\/wp\/termeti-i-forte-shkund-vendin-tone-ja-sa-ishte-magnituda-dhe-epiqendra\/","title":{"rendered":"T\u00ebrmeti i fort\u00eb shkund vendin ton\u00eb! Ja sa ishte magnituda dhe epiqendra"},"content":{"rendered":"<p>Nj\u00eb t\u00ebrmet me magnitud\u00eb 4.2 t\u00eb shkall\u00ebs Rihter \u00ebsht\u00eb regjistruar pak minuta m\u00eb par\u00eb, rreth or\u00ebs 01:00 pas mesnate,<\/p>\n<p>me epiqend\u00ebr n\u00eb fshatin Ballaban t\u00eb K\u00eblcyr\u00ebs. Sipas t\u00eb dh\u00ebnave paraprake, thell\u00ebsia fokale e tij ka qen\u00eb rreth 10 kilometra.<\/p>\n<p>tek kosto e jetes\u00ebs, faktor\u00ebt q\u00eb po ndikojn\u00eb! Qarqet q\u00eb p\u00ebsuan tkurrjen m\u00eb t\u00eb madhe t\u00eb popullsis\u00eb<\/p>\n<p>Qytetar\u00eb t\u00eb shumt\u00eb nga K\u00eblcyra, P\u00ebrmeti, Gjirokastra, Berati dhe Skrapari kan\u00eb raportuar se kan\u00eb ndjer\u00eb l\u00ebkundje t\u00eb forta,<\/p>\n<p>megjith\u00ebse t\u00eb shkurtra n\u00eb koh\u00ebzgjatje.<\/p>\n<p>Deri m\u00eb tani nuk raportohet p\u00ebr d\u00ebme materiale apo persona t\u00eb l\u00ebnduar.<\/p>\n<div id=\"blogs-2585094042\" class=\"blogs-after-content blogs-entity-placement\"><div id=\"div-gpt-ad-1770230601260-0\" style=\"width:300px; height:600px;\"><\/div><\/div><div id=\"blogs-1658602914\" class=\"blogs-adsense-after-kontent blogs-entity-placement\"><script async src=\"https:\/\/pagead2.googlesyndication.com\/pagead\/js\/adsbygoogle.js\"\r\n     crossorigin=\"anonymous\"><\/script>\r\n<!-- Tiranaread -->\r\n<ins class=\"adsbygoogle\"\r\n     style=\"display:inline-block;width:728px;height:90px\"\r\n     data-ad-client=\"ca-pub-2355142065052501\"\r\n\t data-page-url=\"https:\/\/blogseyir.com\"\r\n     data-ad-slot=\"7464751963\"><\/ins>\r\n<script>\r\n     (adsbygoogle = window.adsbygoogle || []).push({});\r\n<\/script><\/div>","protected":false},"excerpt":{"rendered":"<p>Nj\u00eb t\u00ebrmet me magnitud\u00eb 4.2 t\u00eb shkall\u00ebs Rihter \u00ebsht\u00eb regjistruar pak minuta m\u00eb par\u00eb, rreth or\u00ebs 01:00 pas mesnate, me epiqend\u00ebr n\u00eb fshatin Ballaban t\u00eb K\u00eblcyr\u00ebs. Sipas t\u00eb dh\u00ebnave paraprake, thell\u00ebsia fokale e tij ka qen\u00eb rreth 10 kilometra. tek kosto e jetes\u00ebs, faktor\u00ebt q\u00eb po ndikojn\u00eb! Qarqet q\u00eb p\u00ebsuan tkurrjen m\u00eb t\u00eb madhe t\u00eb [&hellip;]<\/p>\n","protected":false},"author":1,"featured_media":33664,"comment_status":"open","ping_status":"closed","sticky":false,"template":"","format":"standard","meta":{"footnotes":""},"categories":[32],"tags":[147,40,89],"class_list":["post-33662","post","type-post","status-publish","format-standard","has-post-thumbnail","hentry","category-te-fundit","tag-shqiperi","tag-te-fundit","tag-termet"],"_links":{"self":[{"href":"https:\/\/blogseyir.com\/wp\/wp-json\/wp\/v2\/posts\/33662","targetHints":{"allow":["GET"]}}],"collection":[{"href":"https:\/\/blogseyir.com\/wp\/wp-json\/wp\/v2\/posts"}],"about":[{"href":"https:\/\/blogseyir.com\/wp\/wp-json\/wp\/v2\/types\/post"}],"author":[{"embeddable":true,"href":"https:\/\/blogseyir.com\/wp\/wp-json\/wp\/v2\/users\/1"}],"replies":[{"embeddable":true,"href":"https:\/\/blogseyir.com\/wp\/wp-json\/wp\/v2\/comments?post=33662"}],"version-history":[{"count":1,"href":"https:\/\/blogseyir.com\/wp\/wp-json\/wp\/v2\/posts\/33662\/revisions"}],"predecessor-version":[{"id":33663,"href":"https:\/\/blogseyir.com\/wp\/wp-json\/wp\/v2\/posts\/33662\/revisions\/33663"}],"wp:featuredmedia":[{"embeddable":true,"href":"https:\/\/blogseyir.com\/wp\/wp-json\/wp\/v2\/media\/33664"}],"wp:attachment":[{"href":"https:\/\/blogseyir.com\/wp\/wp-json\/wp\/v2\/media?parent=33662"}],"wp:term":[{"taxonomy":"category","embeddable":true,"href":"https:\/\/blogseyir.com\/wp\/wp-json\/wp\/v2\/categories?post=33662"},{"taxonomy":"post_tag","embeddable":true,"href":"https:\/\/blogseyir.com\/wp\/wp-json\/wp\/v2\/tags?post=33662"}],"curies":[{"name":"wp","href":"https:\/\/api.w.org\/{rel}","templated":true}]}}