{"id":33398,"date":"2025-10-15T19:00:45","date_gmt":"2025-10-15T19:00:45","guid":{"rendered":"https:\/\/blogseyir.com\/wp\/?p=33398"},"modified":"2025-10-15T19:00:46","modified_gmt":"2025-10-15T19:00:46","slug":"situata-behet-serioze-sherri-kiara-dojna-luiz-ejlli-del-me-reagimin-e-papritur-foto","status":"publish","type":"post","link":"https:\/\/blogseyir.com\/wp\/situata-behet-serioze-sherri-kiara-dojna-luiz-ejlli-del-me-reagimin-e-papritur-foto\/","title":{"rendered":"Situata b\u00ebhet serioze: Sherri Kiara-Dojna, Luiz Ejlli del me REAGIMIN E PAPRITUR (Foto)"},"content":{"rendered":"<p>Nj\u00eb p\u00ebrplasje virtuale po ndodh s\u00eb fundmi mes ish-mikeshave, Kiara Tito dhe Dojna Mema. Tashm\u00eb t\u00eb p\u00ebrfshir\u00eb n\u00eb k\u00ebt\u00eb \u2018rreth vicioz\u2019 jan\u00eb dhe bashk\u00ebshort\u00ebt, konkretisht Luiz Ejlli.<\/p>\n<p>Ky i fundit, ka \u2018kopjuar\u2019 Dojna Mem\u00ebn duke ironizuar postimin e saj t\u00eb fundit ku i d\u00ebshmon publikut se heqja e follow-t q\u00eb i b\u00ebri Kiara nga instagrami ishte komplet e papritur.<\/p>\n<p>\u201cMua kur m\u00eb pyesin direkt jasht\u00eb kamerave, kam k\u00ebllqe p\u00ebr tu p\u00ebrgjigjur drejtp\u00ebrdrejt\u00eb! Sepse ndjehem rehat, e nuk merrem me sajesa qe i besojn\u00eb vet\u00eb. Th\u00ebn\u00eb kjo, tema \u00ebsht\u00eb e papare, dhe kam shume interes ta tjerre edhe me shume se kaq publikisht.<\/p>\n<p><img loading=\"lazy\" decoding=\"async\" class=\"alignnone size-full wp-image-35574\" src=\"https:\/\/post.gazetatirana.com\/wp-content\/uploads\/2025\/10\/image-336.webp\" alt=\"\" width=\"533\" height=\"853\" \/><\/p>\n<p>Nat\u00ebn e mir\u00eb\u201d, shkroi Luizi teksa publikoi nj\u00eb screenshot t\u00eb nj\u00eb bisede t\u00eb vjet\u00ebr me Kiar\u00ebn, por q\u00eb nuk kishte lidhje aspak me situat\u00ebn.<\/p>\n<p>Tashm\u00eb presim t\u00eb reagoj\u00eb dhe Vlashent Sata, bashk\u00ebshorti i Dojna Mem\u00ebs.<\/p>\n<div id=\"blogs-287334863\" class=\"blogs-after-content blogs-entity-placement\"><div id=\"div-gpt-ad-1770230601260-0\" style=\"width:300px; height:600px;\"><\/div><\/div><div id=\"blogs-2528193425\" class=\"blogs-adsense-after-kontent blogs-entity-placement\"><script async src=\"https:\/\/pagead2.googlesyndication.com\/pagead\/js\/adsbygoogle.js\"\r\n     crossorigin=\"anonymous\"><\/script>\r\n<!-- Tiranaread -->\r\n<ins class=\"adsbygoogle\"\r\n     style=\"display:inline-block;width:728px;height:90px\"\r\n     data-ad-client=\"ca-pub-2355142065052501\"\r\n\t data-page-url=\"https:\/\/blogseyir.com\"\r\n     data-ad-slot=\"7464751963\"><\/ins>\r\n<script>\r\n     (adsbygoogle = window.adsbygoogle || []).push({});\r\n<\/script><\/div>","protected":false},"excerpt":{"rendered":"<p>Nj\u00eb p\u00ebrplasje virtuale po ndodh s\u00eb fundmi mes ish-mikeshave, Kiara Tito dhe Dojna Mema. Tashm\u00eb t\u00eb p\u00ebrfshir\u00eb n\u00eb k\u00ebt\u00eb \u2018rreth vicioz\u2019 jan\u00eb dhe bashk\u00ebshort\u00ebt, konkretisht Luiz Ejlli. Ky i fundit, ka \u2018kopjuar\u2019 Dojna Mem\u00ebn duke ironizuar postimin e saj t\u00eb fundit ku i d\u00ebshmon publikut se heqja e follow-t q\u00eb i b\u00ebri Kiara nga instagrami [&hellip;]<\/p>\n","protected":false},"author":1,"featured_media":33400,"comment_status":"open","ping_status":"closed","sticky":false,"template":"","format":"standard","meta":{"footnotes":""},"categories":[32],"tags":[1876,107,75],"class_list":["post-33398","post","type-post","status-publish","format-standard","has-post-thumbnail","hentry","category-te-fundit","tag-dojna-mema","tag-kiara-tito","tag-luiz-ejlli"],"_links":{"self":[{"href":"https:\/\/blogseyir.com\/wp\/wp-json\/wp\/v2\/posts\/33398","targetHints":{"allow":["GET"]}}],"collection":[{"href":"https:\/\/blogseyir.com\/wp\/wp-json\/wp\/v2\/posts"}],"about":[{"href":"https:\/\/blogseyir.com\/wp\/wp-json\/wp\/v2\/types\/post"}],"author":[{"embeddable":true,"href":"https:\/\/blogseyir.com\/wp\/wp-json\/wp\/v2\/users\/1"}],"replies":[{"embeddable":true,"href":"https:\/\/blogseyir.com\/wp\/wp-json\/wp\/v2\/comments?post=33398"}],"version-history":[{"count":1,"href":"https:\/\/blogseyir.com\/wp\/wp-json\/wp\/v2\/posts\/33398\/revisions"}],"predecessor-version":[{"id":33399,"href":"https:\/\/blogseyir.com\/wp\/wp-json\/wp\/v2\/posts\/33398\/revisions\/33399"}],"wp:featuredmedia":[{"embeddable":true,"href":"https:\/\/blogseyir.com\/wp\/wp-json\/wp\/v2\/media\/33400"}],"wp:attachment":[{"href":"https:\/\/blogseyir.com\/wp\/wp-json\/wp\/v2\/media?parent=33398"}],"wp:term":[{"taxonomy":"category","embeddable":true,"href":"https:\/\/blogseyir.com\/wp\/wp-json\/wp\/v2\/categories?post=33398"},{"taxonomy":"post_tag","embeddable":true,"href":"https:\/\/blogseyir.com\/wp\/wp-json\/wp\/v2\/tags?post=33398"}],"curies":[{"name":"wp","href":"https:\/\/api.w.org\/{rel}","templated":true}]}}