{"id":32806,"date":"2025-10-07T14:28:22","date_gmt":"2025-10-07T14:28:22","guid":{"rendered":"https:\/\/blogseyir.com\/wp\/?p=32806"},"modified":"2025-10-07T14:28:23","modified_gmt":"2025-10-07T14:28:23","slug":"ndjej-se-do-e-bujshme-zbulohet-deklarata-e-forte-e-gjyqtarit-pak-para-vdkjes","status":"publish","type":"post","link":"https:\/\/blogseyir.com\/wp\/ndjej-se-do-e-bujshme-zbulohet-deklarata-e-forte-e-gjyqtarit-pak-para-vdkjes\/","title":{"rendered":"&#8216;Ndjej se do&#8230;&#8217; E bujshme! Zbulohet deklarata e fort\u00eb e gjyqtarit pak para vd*kjes"},"content":{"rendered":"<p>Gjyqtari Astrit Kalaja, i cili u q\u00ebllua p\u00ebr vdekje dje brenda Gjykat\u00ebs s\u00eb Apelit,<\/p>\n<p>m\u00ebsohet se ka shprehur shqet\u00ebsim p\u00ebr sigurin\u00eb e tij vet\u00ebm pak para nisjes s\u00eb seanc\u00ebs ku u ekzekutua.<\/p>\n<p>Sipas deklarat\u00ebs s\u00eb t\u00eb af\u00ebrmve t\u00eb Rakip Kurtajt, nj\u00ebrit prej t\u00eb plagosurve n\u00eb ngjarje, gjyqtari kishte paralajm\u00ebruar veten p\u00ebr rrezikun.<\/p>\n<p>Ai kishte th\u00ebn\u00eb: \u201cNdiej se do kemi probleme me k\u00ebta se jan\u00eb problematik\u00eb. Kam dhe \u00e7\u00ebshtje t\u00eb tjera gjyq\u00ebsore me ta\u201d.<\/p>\n<p>K\u00ebto fjal\u00eb t\u00eb gjyqtarit Kalaja, t\u00eb cilat u referoheshin autorit Elvis Shkambi dhe familjes s\u00eb tij, theksojn\u00eb se konflikti dhe tensioni ishin t\u00eb pranish\u00ebm dhe se rreziku ishte i ndjesh\u00ebm.<\/p>\n<p>Gjyqtari humbi jet\u00ebn n\u00eb krye t\u00eb detyr\u00ebs, nd\u00ebrsa t\u00eb plagosur mbet\u00ebn Rakip Kurtaj dhe djali i tij, t\u00eb cil\u00ebt ishin pala tjet\u00ebr n\u00eb procesin gjyq\u00ebsor.<\/p>\n<p>Policia ka arrestuar autorin, Elvis Shkambi, xhaxhan\u00eb e tij, Gjon Shkambi, si dhe punonj\u00ebsin e siguris\u00eb s\u00eb Gjykat\u00ebs. Kjo ngjarje tragjike kishte qen\u00eb e paralajm\u00ebruar.<\/p>\n<div id=\"blogs-3818621466\" class=\"blogs-after-content blogs-entity-placement\"><div id=\"div-gpt-ad-1770230601260-0\" style=\"width:300px; height:600px;\"><\/div><\/div><div id=\"blogs-785191990\" class=\"blogs-adsense-after-kontent blogs-entity-placement\"><script async src=\"https:\/\/pagead2.googlesyndication.com\/pagead\/js\/adsbygoogle.js\"\r\n     crossorigin=\"anonymous\"><\/script>\r\n<!-- Tiranaread -->\r\n<ins class=\"adsbygoogle\"\r\n     style=\"display:inline-block;width:728px;height:90px\"\r\n     data-ad-client=\"ca-pub-2355142065052501\"\r\n\t data-page-url=\"https:\/\/blogseyir.com\"\r\n     data-ad-slot=\"7464751963\"><\/ins>\r\n<script>\r\n     (adsbygoogle = window.adsbygoogle || []).push({});\r\n<\/script><\/div>","protected":false},"excerpt":{"rendered":"<p>Gjyqtari Astrit Kalaja, i cili u q\u00ebllua p\u00ebr vdekje dje brenda Gjykat\u00ebs s\u00eb Apelit, m\u00ebsohet se ka shprehur shqet\u00ebsim p\u00ebr sigurin\u00eb e tij vet\u00ebm pak para nisjes s\u00eb seanc\u00ebs ku u ekzekutua. Sipas deklarat\u00ebs s\u00eb t\u00eb af\u00ebrmve t\u00eb Rakip Kurtajt, nj\u00ebrit prej t\u00eb plagosurve n\u00eb ngjarje, gjyqtari kishte paralajm\u00ebruar veten p\u00ebr rrezikun. Ai kishte th\u00ebn\u00eb: [&hellip;]<\/p>\n","protected":false},"author":1,"featured_media":32808,"comment_status":"open","ping_status":"closed","sticky":false,"template":"","format":"standard","meta":{"footnotes":""},"categories":[32],"tags":[1873,56],"class_list":["post-32806","post","type-post","status-publish","format-standard","has-post-thumbnail","hentry","category-te-fundit","tag-astrit-kalaja","tag-vrasje"],"_links":{"self":[{"href":"https:\/\/blogseyir.com\/wp\/wp-json\/wp\/v2\/posts\/32806","targetHints":{"allow":["GET"]}}],"collection":[{"href":"https:\/\/blogseyir.com\/wp\/wp-json\/wp\/v2\/posts"}],"about":[{"href":"https:\/\/blogseyir.com\/wp\/wp-json\/wp\/v2\/types\/post"}],"author":[{"embeddable":true,"href":"https:\/\/blogseyir.com\/wp\/wp-json\/wp\/v2\/users\/1"}],"replies":[{"embeddable":true,"href":"https:\/\/blogseyir.com\/wp\/wp-json\/wp\/v2\/comments?post=32806"}],"version-history":[{"count":1,"href":"https:\/\/blogseyir.com\/wp\/wp-json\/wp\/v2\/posts\/32806\/revisions"}],"predecessor-version":[{"id":32807,"href":"https:\/\/blogseyir.com\/wp\/wp-json\/wp\/v2\/posts\/32806\/revisions\/32807"}],"wp:featuredmedia":[{"embeddable":true,"href":"https:\/\/blogseyir.com\/wp\/wp-json\/wp\/v2\/media\/32808"}],"wp:attachment":[{"href":"https:\/\/blogseyir.com\/wp\/wp-json\/wp\/v2\/media?parent=32806"}],"wp:term":[{"taxonomy":"category","embeddable":true,"href":"https:\/\/blogseyir.com\/wp\/wp-json\/wp\/v2\/categories?post=32806"},{"taxonomy":"post_tag","embeddable":true,"href":"https:\/\/blogseyir.com\/wp\/wp-json\/wp\/v2\/tags?post=32806"}],"curies":[{"name":"wp","href":"https:\/\/api.w.org\/{rel}","templated":true}]}}