{"id":32662,"date":"2025-10-05T17:47:28","date_gmt":"2025-10-05T17:47:28","guid":{"rendered":"https:\/\/blogseyir.com\/wp\/?p=32662"},"modified":"2025-10-05T17:47:29","modified_gmt":"2025-10-05T17:47:29","slug":"aksident-i-rende-ne-vend-5-anetaret-e-nje-familje","status":"publish","type":"post","link":"https:\/\/blogseyir.com\/wp\/aksident-i-rende-ne-vend-5-anetaret-e-nje-familje\/","title":{"rendered":"Aksident i r\u00ebnd\u00eb n\u00eb vend! 5 an\u00ebtar\u00ebt e nj\u00eb familje&#8230;"},"content":{"rendered":"<p>Pak minuta m\u00eb par\u00eb ka ndodhur nj\u00eb aksident n\u00eb Rrug\u00ebn e Arbrit, pran\u00eb fshatit.<\/p>\n<p>Sipas informacioneve t\u00eb para, pes\u00eb an\u00ebtar\u00eb t\u00eb s\u00eb nj\u00ebjt\u00ebs familje kan\u00eb marr\u00eb ndihm\u00ebn e<\/p>\n<p>par\u00eb n\u00eb qendr\u00ebn sh\u00ebndet\u00ebsore t\u00eb Klosit dhe m\u00eb pas jan\u00eb nisur me ambulanc\u00eb drejt spitalit t\u00eb Burrelit.<\/p>\n<p>N\u00eb vendngjarje ndodhen forcat e policis\u00eb dhe grupi hetimor,<\/p>\n<p>t\u00eb cil\u00ebt po punojn\u00eb p\u00ebr t\u00eb zbardhur shkaqet e aksidentit<\/p>\n<p>&nbsp;<\/p>\n<div id=\"blogs-1097920746\" class=\"blogs-adsense-after-kontent blogs-entity-placement\"><script async src=\"https:\/\/pagead2.googlesyndication.com\/pagead\/js\/adsbygoogle.js\"\r\n     crossorigin=\"anonymous\"><\/script>\r\n<!-- Tiranaread -->\r\n<ins class=\"adsbygoogle\"\r\n     style=\"display:inline-block;width:728px;height:90px\"\r\n     data-ad-client=\"ca-pub-2355142065052501\"\r\n\t data-page-url=\"https:\/\/blogseyir.com\"\r\n     data-ad-slot=\"7464751963\"><\/ins>\r\n<script>\r\n     (adsbygoogle = window.adsbygoogle || []).push({});\r\n<\/script><\/div>","protected":false},"excerpt":{"rendered":"<p>Pak minuta m\u00eb par\u00eb ka ndodhur nj\u00eb aksident n\u00eb Rrug\u00ebn e Arbrit, pran\u00eb fshatit. Sipas informacioneve t\u00eb para, pes\u00eb an\u00ebtar\u00eb t\u00eb s\u00eb nj\u00ebjt\u00ebs familje kan\u00eb marr\u00eb ndihm\u00ebn e par\u00eb n\u00eb qendr\u00ebn sh\u00ebndet\u00ebsore t\u00eb Klosit dhe m\u00eb pas jan\u00eb nisur me ambulanc\u00eb drejt spitalit t\u00eb Burrelit. N\u00eb vendngjarje ndodhen forcat e policis\u00eb dhe grupi hetimor, t\u00eb [&hellip;]<\/p>\n","protected":false},"author":1,"featured_media":32664,"comment_status":"open","ping_status":"closed","sticky":false,"template":"","format":"standard","meta":{"footnotes":""},"categories":[32],"tags":[183,1215,40],"class_list":["post-32662","post","type-post","status-publish","format-standard","has-post-thumbnail","hentry","category-te-fundit","tag-aksident","tag-rruga-e-arberit","tag-te-fundit"],"_links":{"self":[{"href":"https:\/\/blogseyir.com\/wp\/wp-json\/wp\/v2\/posts\/32662","targetHints":{"allow":["GET"]}}],"collection":[{"href":"https:\/\/blogseyir.com\/wp\/wp-json\/wp\/v2\/posts"}],"about":[{"href":"https:\/\/blogseyir.com\/wp\/wp-json\/wp\/v2\/types\/post"}],"author":[{"embeddable":true,"href":"https:\/\/blogseyir.com\/wp\/wp-json\/wp\/v2\/users\/1"}],"replies":[{"embeddable":true,"href":"https:\/\/blogseyir.com\/wp\/wp-json\/wp\/v2\/comments?post=32662"}],"version-history":[{"count":1,"href":"https:\/\/blogseyir.com\/wp\/wp-json\/wp\/v2\/posts\/32662\/revisions"}],"predecessor-version":[{"id":32663,"href":"https:\/\/blogseyir.com\/wp\/wp-json\/wp\/v2\/posts\/32662\/revisions\/32663"}],"wp:featuredmedia":[{"embeddable":true,"href":"https:\/\/blogseyir.com\/wp\/wp-json\/wp\/v2\/media\/32664"}],"wp:attachment":[{"href":"https:\/\/blogseyir.com\/wp\/wp-json\/wp\/v2\/media?parent=32662"}],"wp:term":[{"taxonomy":"category","embeddable":true,"href":"https:\/\/blogseyir.com\/wp\/wp-json\/wp\/v2\/categories?post=32662"},{"taxonomy":"post_tag","embeddable":true,"href":"https:\/\/blogseyir.com\/wp\/wp-json\/wp\/v2\/tags?post=32662"}],"curies":[{"name":"wp","href":"https:\/\/api.w.org\/{rel}","templated":true}]}}