{"id":32628,"date":"2025-10-05T12:18:01","date_gmt":"2025-10-05T12:18:01","guid":{"rendered":"https:\/\/blogseyir.com\/wp\/?p=32628"},"modified":"2025-10-05T12:18:01","modified_gmt":"2025-10-05T12:18:01","slug":"ndodh-ne-vend-i-riu-i-armatosur-shkakton-aksidentin-masiv-piagosen-rende-efektivi-i-policise-dhe-gruaja-e-tij","status":"publish","type":"post","link":"https:\/\/blogseyir.com\/wp\/ndodh-ne-vend-i-riu-i-armatosur-shkakton-aksidentin-masiv-piagosen-rende-efektivi-i-policise-dhe-gruaja-e-tij\/","title":{"rendered":"Ndodh n\u00eb vend! I riu i armatosur shkakton aksidentin masiv, pIagosen rende efektivi i policise dhe gruaja e tij"},"content":{"rendered":"<p>Nj\u00eb ngjarje e r\u00ebnd\u00eb \u00ebsht\u00eb sh\u00ebnuar diten e sotme (5 tetor) n\u00eb zon\u00ebn e Saukut, n\u00eb Tiran\u00eb, ku nj\u00eb person i armatosur q\u00eb po ndiqej nga policia ka p\u00ebrplasur me makin\u00eb disa mjete t\u00eb tjera, nd\u00ebrkoh\u00eb kan\u00eb mbetur t\u00eb plagosur nje efektiv dhe bashk\u00ebshortja e tij q\u00eb po udh\u00ebtonin me motor.<\/p>\n<p>Sipas burimeve paraprake, autori dyshohet se mbante arm\u00eb me vete.<\/p>\n<p>Si pasoj\u00eb e p\u00ebrplasjes, \u00ebsht\u00eb plagosur nj\u00eb efektiv i policis\u00eb dhe bashk\u00ebshortja e tij, t\u00eb cil\u00ebt jan\u00eb d\u00ebrguar me urgjenc\u00eb n\u00eb spital.<\/p>\n<p>Menj\u00ebher\u00eb pas ngjarjes, forca t\u00eb shumta policie kan\u00eb rrethuar zon\u00ebn dhe jan\u00eb v\u00ebn\u00eb n\u00eb ndjekje t\u00eb autorit.<\/p>\n<p>Grupi hetimor ndodhet n\u00eb vendin e ngjarjes dhe po punon p\u00ebr sqarimin e plot\u00eb t\u00eb rrethanave dhe motivit t\u00eb k\u00ebtij akti t\u00eb r\u00ebnd\u00eb.<\/p>\n<div id=\"blogs-2507972406\" class=\"blogs-after-content blogs-entity-placement\"><div id=\"div-gpt-ad-1770230601260-0\" style=\"width:300px; height:600px;\"><\/div><\/div><div id=\"blogs-3393787050\" class=\"blogs-adsense-after-kontent blogs-entity-placement\"><script async src=\"https:\/\/pagead2.googlesyndication.com\/pagead\/js\/adsbygoogle.js\"\r\n     crossorigin=\"anonymous\"><\/script>\r\n<!-- Tiranaread -->\r\n<ins class=\"adsbygoogle\"\r\n     style=\"display:inline-block;width:728px;height:90px\"\r\n     data-ad-client=\"ca-pub-2355142065052501\"\r\n\t data-page-url=\"https:\/\/blogseyir.com\"\r\n     data-ad-slot=\"7464751963\"><\/ins>\r\n<script>\r\n     (adsbygoogle = window.adsbygoogle || []).push({});\r\n<\/script><\/div>","protected":false},"excerpt":{"rendered":"<p>Nj\u00eb ngjarje e r\u00ebnd\u00eb \u00ebsht\u00eb sh\u00ebnuar diten e sotme (5 tetor) n\u00eb zon\u00ebn e Saukut, n\u00eb Tiran\u00eb, ku nj\u00eb person i armatosur q\u00eb po ndiqej nga policia ka p\u00ebrplasur me makin\u00eb disa mjete t\u00eb tjera, nd\u00ebrkoh\u00eb kan\u00eb mbetur t\u00eb plagosur nje efektiv dhe bashk\u00ebshortja e tij q\u00eb po udh\u00ebtonin me motor. Sipas burimeve paraprake, autori [&hellip;]<\/p>\n","protected":false},"author":1,"featured_media":32630,"comment_status":"open","ping_status":"closed","sticky":false,"template":"","format":"standard","meta":{"footnotes":""},"categories":[32],"tags":[183,40,49],"class_list":["post-32628","post","type-post","status-publish","format-standard","has-post-thumbnail","hentry","category-te-fundit","tag-aksident","tag-te-fundit","tag-tirane"],"_links":{"self":[{"href":"https:\/\/blogseyir.com\/wp\/wp-json\/wp\/v2\/posts\/32628","targetHints":{"allow":["GET"]}}],"collection":[{"href":"https:\/\/blogseyir.com\/wp\/wp-json\/wp\/v2\/posts"}],"about":[{"href":"https:\/\/blogseyir.com\/wp\/wp-json\/wp\/v2\/types\/post"}],"author":[{"embeddable":true,"href":"https:\/\/blogseyir.com\/wp\/wp-json\/wp\/v2\/users\/1"}],"replies":[{"embeddable":true,"href":"https:\/\/blogseyir.com\/wp\/wp-json\/wp\/v2\/comments?post=32628"}],"version-history":[{"count":1,"href":"https:\/\/blogseyir.com\/wp\/wp-json\/wp\/v2\/posts\/32628\/revisions"}],"predecessor-version":[{"id":32629,"href":"https:\/\/blogseyir.com\/wp\/wp-json\/wp\/v2\/posts\/32628\/revisions\/32629"}],"wp:featuredmedia":[{"embeddable":true,"href":"https:\/\/blogseyir.com\/wp\/wp-json\/wp\/v2\/media\/32630"}],"wp:attachment":[{"href":"https:\/\/blogseyir.com\/wp\/wp-json\/wp\/v2\/media?parent=32628"}],"wp:term":[{"taxonomy":"category","embeddable":true,"href":"https:\/\/blogseyir.com\/wp\/wp-json\/wp\/v2\/categories?post=32628"},{"taxonomy":"post_tag","embeddable":true,"href":"https:\/\/blogseyir.com\/wp\/wp-json\/wp\/v2\/tags?post=32628"}],"curies":[{"name":"wp","href":"https:\/\/api.w.org\/{rel}","templated":true}]}}