{"id":32507,"date":"2025-10-03T11:42:21","date_gmt":"2025-10-03T11:42:21","guid":{"rendered":"https:\/\/blogseyir.com\/wp\/?p=32507"},"modified":"2025-10-03T11:42:22","modified_gmt":"2025-10-03T11:42:22","slug":"nuk-do-e-njihni-luiz-ejlli-bene-ndryshimin-drastike-ne-pamje-duket-kaq","status":"publish","type":"post","link":"https:\/\/blogseyir.com\/wp\/nuk-do-e-njihni-luiz-ejlli-bene-ndryshimin-drastike-ne-pamje-duket-kaq\/","title":{"rendered":"Nuk do e njihni! Luiz Ejlli b\u00ebn\u00eb NDRYSHIMIN drastike n\u00eb pamje, duket kaq&#8230;"},"content":{"rendered":"<p>Luiz Ejlli ka surprizuar me nj\u00eb ndryshim t\u00eb ri n\u00eb pamje, duke u kthyer n\u00eb zeshkan.<\/p>\n<p>Gjat\u00eb pjes\u00ebmarrjes n\u00eb \u201cBig Brother VIP Albania\u201d, k\u00ebng\u00ebtari kishte zgjedhur flok\u00ebt e bardh\u00eb, nj\u00eb model q\u00eb u kthye n\u00eb trend dhe u komentua gjer\u00ebsisht.<\/p>\n<p>Tani, ai \u00ebsht\u00eb rikthyer me nj\u00eb stil krejt\u00ebsisht ndryshe, duke u dukur m\u00eb natyral dhe m\u00eb serioz, shkruan \u201cKosovarja\u201d.<\/p>\n<p>Ky ndryshim ka t\u00ebrhequr v\u00ebmendjen e publikut, pasi Luizi \u00ebsht\u00eb nj\u00eb nga personazhet m\u00eb t\u00eb ndjekur n\u00eb rrjetet sociale edhe pas daljes nga reality show.<\/p>\n<p><img loading=\"lazy\" decoding=\"async\" class=\"alignnone size-full wp-image-34410\" src=\"https:\/\/post.gazetatirana.com\/wp-content\/uploads\/2025\/10\/image-61.webp\" alt=\"\" width=\"492\" height=\"829\" \/><\/p>\n<div id=\"blogs-1788355290\" class=\"blogs-after-content blogs-entity-placement\"><div id=\"div-gpt-ad-1770230601260-0\" style=\"width:300px; height:600px;\"><\/div><\/div><div id=\"blogs-2810769968\" class=\"blogs-adsense-after-kontent blogs-entity-placement\"><script async src=\"https:\/\/pagead2.googlesyndication.com\/pagead\/js\/adsbygoogle.js\"\r\n     crossorigin=\"anonymous\"><\/script>\r\n<!-- Tiranaread -->\r\n<ins class=\"adsbygoogle\"\r\n     style=\"display:inline-block;width:728px;height:90px\"\r\n     data-ad-client=\"ca-pub-2355142065052501\"\r\n\t data-page-url=\"https:\/\/blogseyir.com\"\r\n     data-ad-slot=\"7464751963\"><\/ins>\r\n<script>\r\n     (adsbygoogle = window.adsbygoogle || []).push({});\r\n<\/script><\/div>","protected":false},"excerpt":{"rendered":"<p>Luiz Ejlli ka surprizuar me nj\u00eb ndryshim t\u00eb ri n\u00eb pamje, duke u kthyer n\u00eb zeshkan. Gjat\u00eb pjes\u00ebmarrjes n\u00eb \u201cBig Brother VIP Albania\u201d, k\u00ebng\u00ebtari kishte zgjedhur flok\u00ebt e bardh\u00eb, nj\u00eb model q\u00eb u kthye n\u00eb trend dhe u komentua gjer\u00ebsisht. Tani, ai \u00ebsht\u00eb rikthyer me nj\u00eb stil krejt\u00ebsisht ndryshe, duke u dukur m\u00eb natyral dhe [&hellip;]<\/p>\n","protected":false},"author":1,"featured_media":32509,"comment_status":"open","ping_status":"closed","sticky":false,"template":"","format":"standard","meta":{"footnotes":""},"categories":[32],"tags":[75],"class_list":["post-32507","post","type-post","status-publish","format-standard","has-post-thumbnail","hentry","category-te-fundit","tag-luiz-ejlli"],"_links":{"self":[{"href":"https:\/\/blogseyir.com\/wp\/wp-json\/wp\/v2\/posts\/32507","targetHints":{"allow":["GET"]}}],"collection":[{"href":"https:\/\/blogseyir.com\/wp\/wp-json\/wp\/v2\/posts"}],"about":[{"href":"https:\/\/blogseyir.com\/wp\/wp-json\/wp\/v2\/types\/post"}],"author":[{"embeddable":true,"href":"https:\/\/blogseyir.com\/wp\/wp-json\/wp\/v2\/users\/1"}],"replies":[{"embeddable":true,"href":"https:\/\/blogseyir.com\/wp\/wp-json\/wp\/v2\/comments?post=32507"}],"version-history":[{"count":1,"href":"https:\/\/blogseyir.com\/wp\/wp-json\/wp\/v2\/posts\/32507\/revisions"}],"predecessor-version":[{"id":32508,"href":"https:\/\/blogseyir.com\/wp\/wp-json\/wp\/v2\/posts\/32507\/revisions\/32508"}],"wp:featuredmedia":[{"embeddable":true,"href":"https:\/\/blogseyir.com\/wp\/wp-json\/wp\/v2\/media\/32509"}],"wp:attachment":[{"href":"https:\/\/blogseyir.com\/wp\/wp-json\/wp\/v2\/media?parent=32507"}],"wp:term":[{"taxonomy":"category","embeddable":true,"href":"https:\/\/blogseyir.com\/wp\/wp-json\/wp\/v2\/categories?post=32507"},{"taxonomy":"post_tag","embeddable":true,"href":"https:\/\/blogseyir.com\/wp\/wp-json\/wp\/v2\/tags?post=32507"}],"curies":[{"name":"wp","href":"https:\/\/api.w.org\/{rel}","templated":true}]}}