{"id":32480,"date":"2025-10-03T08:09:03","date_gmt":"2025-10-03T08:09:03","guid":{"rendered":"https:\/\/blogseyir.com\/wp\/?p=32480"},"modified":"2025-10-03T08:09:04","modified_gmt":"2025-10-03T08:09:04","slug":"aksident-i-frikshem-ne-vend-makinat-behen-copash-3-persona","status":"publish","type":"post","link":"https:\/\/blogseyir.com\/wp\/aksident-i-frikshem-ne-vend-makinat-behen-copash-3-persona\/","title":{"rendered":"Aksident i friksh\u00ebm n\u00eb vend! Makinat b\u00ebhen copash, 3 persona&#8230;"},"content":{"rendered":"<p>Nj\u00eb aksident i r\u00ebnd\u00eb rrugor ka ndodhur paraditen e k\u00ebsaj t\u00eb premte n\u00eb aksin Lushnje-Berat, pran\u00eb fshatit Qerret n\u00eb Lushnje.<\/p>\n<p>Burime p\u00ebr newsbomb.al b\u00ebjn\u00eb me dije se dy automjete, nj\u00eb \u201cAudi\u201d ngjyr\u00eb gri dhe nj\u00eb Skoda e kuqe jan\u00eb p\u00ebrplasur kok\u00eb m\u00eb kok\u00eb, ku si pasoj\u00eb kan\u00eb mbetur t\u00eb plagosur tre persona.<\/p>\n<p>Sipas t\u00eb dh\u00ebnave paraprake, tre persona jan\u00eb d\u00ebrguar me urgjenc\u00eb n\u00eb spital, dy prej tyre ndodheshin n\u00eb automjetin Audi dhe nj\u00eb n\u00eb Skod\u00ebn e d\u00ebmtuar r\u00ebnd\u00eb. Ende nuk ka informacion zyrtar n\u00ebse ka viktima nga ky aksident.<\/p>\n<p><img loading=\"lazy\" decoding=\"async\" class=\"alignnone size-full wp-image-34388\" src=\"https:\/\/post.gazetatirana.com\/wp-content\/uploads\/2025\/10\/image-48.webp\" alt=\"\" width=\"1058\" height=\"781\" \/><\/p>\n<p>N\u00eb vendngjarje kan\u00eb mb\u00ebrritur menj\u00ebher\u00eb forcat e policis\u00eb, ambulanca dhe zjarrfik\u00ebsit, t\u00eb cil\u00ebt kan\u00eb b\u00ebr\u00eb t\u00eb mundur nxjerrjen e t\u00eb plagosurve dhe transportimin e tyre drejt spitalit t\u00eb Lushnjes.<\/p>\n<p><img loading=\"lazy\" decoding=\"async\" class=\"alignnone size-full wp-image-34389\" src=\"https:\/\/post.gazetatirana.com\/wp-content\/uploads\/2025\/10\/image-49.webp\" alt=\"\" width=\"881\" height=\"673\" \/><\/p>\n<p>Fotot nga vendi i ngjarjes tregojn\u00eb p\u00ebrplasjen e fuqishme mes dy automjeteve, ku dallohet qart\u00eb d\u00ebmtimi i r\u00ebnd\u00eb i pjes\u00ebs s\u00eb p\u00ebrparme t\u00eb makinave. Autoritetet kan\u00eb nisur hetimet p\u00ebr t\u00eb zbardhur rrethanat dhe shkakun e aksidentit.<\/p>\n<div id=\"blogs-753009885\" class=\"blogs-after-content blogs-entity-placement\"><div id=\"div-gpt-ad-1770230601260-0\" style=\"width:300px; height:600px;\"><\/div><\/div><div id=\"blogs-935714449\" class=\"blogs-adsense-after-kontent blogs-entity-placement\"><script async src=\"https:\/\/pagead2.googlesyndication.com\/pagead\/js\/adsbygoogle.js\"\r\n     crossorigin=\"anonymous\"><\/script>\r\n<!-- Tiranaread -->\r\n<ins class=\"adsbygoogle\"\r\n     style=\"display:inline-block;width:728px;height:90px\"\r\n     data-ad-client=\"ca-pub-2355142065052501\"\r\n\t data-page-url=\"https:\/\/blogseyir.com\"\r\n     data-ad-slot=\"7464751963\"><\/ins>\r\n<script>\r\n     (adsbygoogle = window.adsbygoogle || []).push({});\r\n<\/script><\/div>","protected":false},"excerpt":{"rendered":"<p>Nj\u00eb aksident i r\u00ebnd\u00eb rrugor ka ndodhur paraditen e k\u00ebsaj t\u00eb premte n\u00eb aksin Lushnje-Berat, pran\u00eb fshatit Qerret n\u00eb Lushnje. Burime p\u00ebr newsbomb.al b\u00ebjn\u00eb me dije se dy automjete, nj\u00eb \u201cAudi\u201d ngjyr\u00eb gri dhe nj\u00eb Skoda e kuqe jan\u00eb p\u00ebrplasur kok\u00eb m\u00eb kok\u00eb, ku si pasoj\u00eb kan\u00eb mbetur t\u00eb plagosur tre persona. Sipas t\u00eb dh\u00ebnave [&hellip;]<\/p>\n","protected":false},"author":1,"featured_media":32482,"comment_status":"open","ping_status":"closed","sticky":false,"template":"","format":"standard","meta":{"footnotes":""},"categories":[32],"tags":[183,94,40],"class_list":["post-32480","post","type-post","status-publish","format-standard","has-post-thumbnail","hentry","category-te-fundit","tag-aksident","tag-berat","tag-te-fundit"],"_links":{"self":[{"href":"https:\/\/blogseyir.com\/wp\/wp-json\/wp\/v2\/posts\/32480","targetHints":{"allow":["GET"]}}],"collection":[{"href":"https:\/\/blogseyir.com\/wp\/wp-json\/wp\/v2\/posts"}],"about":[{"href":"https:\/\/blogseyir.com\/wp\/wp-json\/wp\/v2\/types\/post"}],"author":[{"embeddable":true,"href":"https:\/\/blogseyir.com\/wp\/wp-json\/wp\/v2\/users\/1"}],"replies":[{"embeddable":true,"href":"https:\/\/blogseyir.com\/wp\/wp-json\/wp\/v2\/comments?post=32480"}],"version-history":[{"count":1,"href":"https:\/\/blogseyir.com\/wp\/wp-json\/wp\/v2\/posts\/32480\/revisions"}],"predecessor-version":[{"id":32481,"href":"https:\/\/blogseyir.com\/wp\/wp-json\/wp\/v2\/posts\/32480\/revisions\/32481"}],"wp:featuredmedia":[{"embeddable":true,"href":"https:\/\/blogseyir.com\/wp\/wp-json\/wp\/v2\/media\/32482"}],"wp:attachment":[{"href":"https:\/\/blogseyir.com\/wp\/wp-json\/wp\/v2\/media?parent=32480"}],"wp:term":[{"taxonomy":"category","embeddable":true,"href":"https:\/\/blogseyir.com\/wp\/wp-json\/wp\/v2\/categories?post=32480"},{"taxonomy":"post_tag","embeddable":true,"href":"https:\/\/blogseyir.com\/wp\/wp-json\/wp\/v2\/tags?post=32480"}],"curies":[{"name":"wp","href":"https:\/\/api.w.org\/{rel}","templated":true}]}}