{"id":32398,"date":"2025-10-01T19:05:40","date_gmt":"2025-10-01T19:05:40","guid":{"rendered":"https:\/\/blogseyir.com\/wp\/?p=32398"},"modified":"2025-10-01T19:05:41","modified_gmt":"2025-10-01T19:05:41","slug":"lajmi-i-fundit-be-jep-njoftimin-e-rendesishem-per-shqiptaret","status":"publish","type":"post","link":"https:\/\/blogseyir.com\/wp\/lajmi-i-fundit-be-jep-njoftimin-e-rendesishem-per-shqiptaret\/","title":{"rendered":"LAJMI I FUNDIT: BE jep njoftimin e r\u00ebnd\u00ebsish\u00ebm p\u00ebr shqiptar\u00ebt"},"content":{"rendered":"<p>Nga data 12 tetor 2025 do t\u00eb nis\u00eb zbatimi i sistemit t\u00eb ri t\u00eb menaxhimit t\u00eb kufijve p\u00ebr hyrje daljet n\u00eb Bashkimin Europian p\u00ebr t\u00eb gjith\u00eb qytetar\u00ebt q\u00eb jan\u00eb jasht\u00eb vendeve t\u00eb unionit, p\u00ebrfshir\u00eb edhe shqiptar\u00ebt.<\/p>\n<p>N\u00eb njoftimin e publikuar nga delegacioni i Bashkimit Europian \u00ebn Tiran\u00eb b\u00ebhet e ditur se nga 12 tetori sistemi i ri do t\u00eb regjistroj\u00eb n\u00eb hyrje dhe dalje t\u00eb dh\u00ebnat nga dokumenti i udh\u00ebtimit, datat e mb\u00ebrritjes dhe t\u00eb largimit, si edhe t\u00eb dh\u00ebnat biometrike si shenjat e gishtave dhe imazhi i fytyr\u00ebs.<\/p>\n<p>BE njofton se p\u00ebr k\u00ebto nuk do t\u00eb duhet t\u00eb kryhet asnj\u00eb veprim tjet\u00ebr dhe nuk do t\u00eb ket\u00eb asnj\u00eb tarif\u00eb shtes\u00eb.<\/p>\n<p>\u201cP\u00ebrdit\u00ebsim i r\u00ebnd\u00ebsish\u00ebm p\u00ebr qytetar\u00ebt e vendeve jasht\u00eb Bashkimit Evropian, p\u00ebrfshir\u00eb ata shqiptar\u00eb, q\u00eb udh\u00ebtojn\u00eb p\u00ebr q\u00ebndrim t\u00eb shkurt\u00ebr n\u00eb 29 vendet e Zon\u00ebs Shengen!<\/p>\n<p>Nga data 12 tetor 2025, nj\u00eb sistem i ri i menaxhimit t\u00eb kufijve, Sistemi i Hyrje\/Daljes (Entry\/Exit System), do t\u00eb filloj\u00eb gradualisht t\u00eb regjistroj\u00eb: t\u00eb dh\u00ebnat nga dokumenti i udh\u00ebtimit, datat e mb\u00ebrritjes dhe t\u00eb largimit, t\u00eb dh\u00ebnat biometrike (shenjat e gishtave dhe imazhi i fytyr\u00ebs)<\/p>\n<p>Nuk k\u00ebrkohet t\u00eb b\u00ebni asnj\u00eb veprim para udh\u00ebtimit. Nuk ka asnj\u00eb tarif\u00eb shtes\u00eb\u201d, njofton delegacioni i BE n\u00eb rrjetet sociale.<\/p>\n<p>Sistemi i Hyrjes\/Daljes (EES) do t\u00eb vendoset gradualisht n\u00eb t\u00eb gjith\u00eb kufijt\u00eb e jasht\u00ebm t\u00eb 29 vendeve evropiane gjat\u00eb nj\u00eb periudhe prej 6 muajsh. K\u00ebto vende evropiane do t\u00eb prezantojn\u00eb element\u00ebt e ndrysh\u00ebm t\u00eb EES n\u00eb faza, duke p\u00ebrfshir\u00eb mbledhjen e t\u00eb dh\u00ebnave biometrike, si\u00e7 jan\u00eb imazhi i fytyr\u00ebs dhe gjurm\u00ebt e gisht\u00ebrinjve. Kjo do t\u00eb thot\u00eb q\u00eb t\u00eb dh\u00ebnat biometrike t\u00eb udh\u00ebtar\u00ebve (imazhi i fytyr\u00ebs dhe gjurm\u00ebt e gisht\u00ebrinjve) mund t\u00eb mos mblidhen menj\u00ebher\u00eb n\u00eb \u00e7do pik\u00eb kalimi kufitar, dhe informacioni i tyre personal mund t\u00eb mos regjistrohet n\u00eb sistem. Pasaportat do t\u00eb vazhdojn\u00eb t\u00eb vulosen si zakonisht.<\/p>\n<p><img loading=\"lazy\" decoding=\"async\" class=\"alignnone size-full wp-image-34268\" src=\"https:\/\/post.gazetatirana.com\/wp-content\/uploads\/2025\/10\/image-25.webp\" alt=\"\" width=\"1192\" height=\"857\" \/><\/p>\n<p>Ky zbatim progresiv do t\u00eb zgjas\u00eb deri m\u00eb 9 prill 2026. Nga 10 prilli 2026, EES do t\u00eb jet\u00eb plot\u00ebsisht funksional n\u00eb t\u00eb gjitha pikat e kalimit kufitar t\u00eb jasht\u00ebm t\u00eb vendeve evropiane q\u00eb p\u00ebrdorin sistemin.<\/p>\n<p>EES zbatohet p\u00ebr ju n\u00ebse jeni shtetas jo-BE q\u00eb udh\u00ebtoni p\u00ebr nj\u00eb q\u00ebndrim t\u00eb shkurt\u00ebr n\u00eb nj\u00eb vend evropian duke p\u00ebrdorur EES dhe ju: posedoni nj\u00eb viz\u00eb q\u00ebndrimi t\u00eb shkurt\u00ebr; ose nuk keni nevoj\u00eb p\u00ebr viz\u00eb p\u00ebr t\u00eb q\u00ebndruar p\u00ebr nj\u00eb maksimum prej 90 dit\u00ebsh n\u00eb \u00e7do periudh\u00eb 180-ditore.<\/p>\n<p>T\u00eb dh\u00ebnat e dokumentit tuaj t\u00eb udh\u00ebtimit dhe t\u00eb dh\u00ebna t\u00eb tjera personale do t\u00eb mblidhen, duke p\u00ebrfshir\u00eb datat e hyrjes dhe daljes, dhe do t\u00eb regjistrohen elektronikisht n\u00eb sistem. Kjo procedur\u00eb do t\u00eb leht\u00ebsoj\u00eb kalimin tuaj t\u00eb kufirit.<\/p>\n<p>N\u00ebse tejkaloni periudh\u00ebn e lejuar n\u00eb vendet evropiane q\u00eb p\u00ebrdorin EES, sistemi do t\u2019ju identifikoj\u00eb dhe do t\u00eb regjistroj\u00eb k\u00ebt\u00eb informacion.<\/p>\n<p>N\u00eb rast se autoritetet ju refuzojn\u00eb hyrjen, sistemi do ta regjistroj\u00eb gjithashtu k\u00ebt\u00eb informacion, thuhet n\u00eb faqen e Bashkimit Europian.<\/p>\n<div id=\"blogs-2102880126\" class=\"blogs-adsense-after-kontent blogs-entity-placement\"><script async src=\"https:\/\/pagead2.googlesyndication.com\/pagead\/js\/adsbygoogle.js\"\r\n     crossorigin=\"anonymous\"><\/script>\r\n<!-- Tiranaread -->\r\n<ins class=\"adsbygoogle\"\r\n     style=\"display:inline-block;width:728px;height:90px\"\r\n     data-ad-client=\"ca-pub-2355142065052501\"\r\n\t data-page-url=\"https:\/\/blogseyir.com\"\r\n     data-ad-slot=\"7464751963\"><\/ins>\r\n<script>\r\n     (adsbygoogle = window.adsbygoogle || []).push({});\r\n<\/script><\/div>","protected":false},"excerpt":{"rendered":"<p>Nga data 12 tetor 2025 do t\u00eb nis\u00eb zbatimi i sistemit t\u00eb ri t\u00eb menaxhimit t\u00eb kufijve p\u00ebr hyrje daljet n\u00eb Bashkimin Europian p\u00ebr t\u00eb gjith\u00eb qytetar\u00ebt q\u00eb jan\u00eb jasht\u00eb vendeve t\u00eb unionit, p\u00ebrfshir\u00eb edhe shqiptar\u00ebt. N\u00eb njoftimin e publikuar nga delegacioni i Bashkimit Europian \u00ebn Tiran\u00eb b\u00ebhet e ditur se nga 12 tetori sistemi [&hellip;]<\/p>\n","protected":false},"author":1,"featured_media":32400,"comment_status":"open","ping_status":"closed","sticky":false,"template":"","format":"standard","meta":{"footnotes":""},"categories":[32],"tags":[1847,953,147],"class_list":["post-32398","post","type-post","status-publish","format-standard","has-post-thumbnail","hentry","category-te-fundit","tag-bashkimi-europian","tag-be","tag-shqiperi"],"_links":{"self":[{"href":"https:\/\/blogseyir.com\/wp\/wp-json\/wp\/v2\/posts\/32398","targetHints":{"allow":["GET"]}}],"collection":[{"href":"https:\/\/blogseyir.com\/wp\/wp-json\/wp\/v2\/posts"}],"about":[{"href":"https:\/\/blogseyir.com\/wp\/wp-json\/wp\/v2\/types\/post"}],"author":[{"embeddable":true,"href":"https:\/\/blogseyir.com\/wp\/wp-json\/wp\/v2\/users\/1"}],"replies":[{"embeddable":true,"href":"https:\/\/blogseyir.com\/wp\/wp-json\/wp\/v2\/comments?post=32398"}],"version-history":[{"count":1,"href":"https:\/\/blogseyir.com\/wp\/wp-json\/wp\/v2\/posts\/32398\/revisions"}],"predecessor-version":[{"id":32399,"href":"https:\/\/blogseyir.com\/wp\/wp-json\/wp\/v2\/posts\/32398\/revisions\/32399"}],"wp:featuredmedia":[{"embeddable":true,"href":"https:\/\/blogseyir.com\/wp\/wp-json\/wp\/v2\/media\/32400"}],"wp:attachment":[{"href":"https:\/\/blogseyir.com\/wp\/wp-json\/wp\/v2\/media?parent=32398"}],"wp:term":[{"taxonomy":"category","embeddable":true,"href":"https:\/\/blogseyir.com\/wp\/wp-json\/wp\/v2\/categories?post=32398"},{"taxonomy":"post_tag","embeddable":true,"href":"https:\/\/blogseyir.com\/wp\/wp-json\/wp\/v2\/tags?post=32398"}],"curies":[{"name":"wp","href":"https:\/\/api.w.org\/{rel}","templated":true}]}}