{"id":32314,"date":"2025-09-30T21:00:53","date_gmt":"2025-09-30T21:00:53","guid":{"rendered":"https:\/\/blogseyir.com\/wp\/?p=32314"},"modified":"2025-09-30T21:00:53","modified_gmt":"2025-09-30T21:00:53","slug":"reagimi-i-forte-i-parashqevi-simakut-prej-10-muajsh-emri-im-perdoret-si-tabele-qitjeje-por-mua","status":"publish","type":"post","link":"https:\/\/blogseyir.com\/wp\/reagimi-i-forte-i-parashqevi-simakut-prej-10-muajsh-emri-im-perdoret-si-tabele-qitjeje-por-mua\/","title":{"rendered":"Reagimi i fort\u00eb i Parashqevi Simakut: Prej 10 muajsh emri im p\u00ebrdoret si tabel\u00eb qitjeje, por mua.."},"content":{"rendered":"<p>K\u00ebng\u00ebtarja e njohur shqiptare, Parashqevi Simaku, ka thyer heshtjen pas akuzave dhe shpifjeve q\u00eb prej disa muajsh qarkullojn\u00eb p\u00ebr t\u00eb n\u00eb rrjetet sociale dhe disa media online.<\/p>\n<p>Me nj\u00eb reagim t\u00eb gjat\u00eb n\u00eb profilin e saj, ajo shprehet se nuk do t\u00eb lejoj\u00eb ask\u00ebnd ta p\u00ebrdor\u00eb emrin e saj p\u00ebr q\u00ebllime t\u00eb ul\u00ebta dhe se publiku e njeh mir\u00eb figur\u00ebn dhe karrier\u00ebn e saj.<\/p>\n<p>\u201cPrej 10 muajsh, emri im \u00ebsht\u00eb p\u00ebrdorur si tabel\u00eb qitjeje nga njer\u00ebz q\u00eb p\u00ebrpiqen t\u00eb t\u00ebrheqin v\u00ebmendje p\u00ebrmes shpifjeve dhe t\u00eb pav\u00ebrtetave. Asnj\u00ebher\u00eb nuk e kam menduar se do t\u00eb m\u00eb duhej t\u00eb reagoja p\u00ebr gj\u00ebra kaq t\u00eb ul\u00ebta, q\u00eb nuk kan\u00eb asnj\u00eb lidhje me realitetin\u201d, shkruan Simaku.<\/p>\n<p>K\u00ebng\u00ebtarja kujton se kjo nuk \u00ebsht\u00eb hera e par\u00eb q\u00eb p\u00ebrballet me mllef e paragjykime. \u201cEdhe n\u00eb vitet 1985\u20131988 flitej p\u00ebr mua \u2013 p\u00ebr \u00e7mimet q\u00eb kisha fituar me shum\u00eb pun\u00eb, p\u00ebrkushtim dhe sakrifica \u2013 por shum\u00eb nga ata flisnin me mllef dhe zili. Edhe at\u00ebher\u00eb, si sot, zgjodha t\u00eb mos ndalem.\u201d<\/p>\n<p>Mesazhi i saj \u00ebsht\u00eb i qart\u00eb: \u201cMua nuk m\u00eb b\u00ebni dot asgj\u00eb. Publiku im m\u00eb njeh prej vitesh dhe e di shum\u00eb mir\u00eb kush jam, \u00e7far\u00eb kam dh\u00ebn\u00eb dhe \u00e7far\u00eb p\u00ebrfaq\u00ebsoj. N\u00ebse p\u00ebr disa klikime zgjedh t\u00eb ul\u00ebsh dik\u00eb tjet\u00ebr me shpifje, jini t\u00eb sigurt: n\u00eb at\u00eb moment, e ulni vet\u00ebm veten. Un\u00eb vazhdoj rrug\u00ebn time me dinjitet dhe t\u00eb v\u00ebrtet\u00ebn n\u00eb krah. Kjo \u00ebsht\u00eb forca ime.\u201d<\/p>\n<p>Kujtojm\u00eb se p\u00ebr nj\u00eb koh\u00eb t\u00eb gjat\u00eb, k\u00ebng\u00ebtarja ishte zhdukur nga syt\u00eb e publikut shqiptar, p\u00ebr t\u2019u rikthyer vitin e shkuar n\u00eb nj\u00eb form\u00eb q\u00eb askujt s\u2019ja kishte marr\u00eb mendja.<\/p>\n<p>Simaku u pa n\u00eb kronik\u00ebn e televizionit amerikan \u201cABC 7\u201d duke marr\u00eb ndihma vullnetare. Video, q\u00eb u pasua me reagimin e mij\u00ebra shqiptar\u00ebve dhe q\u00eb u kthye padyshim n\u00eb kryefjal\u00eb t\u00eb mediave.<\/p>\n<p>Parashqevi Simaku u largua nga Shqip\u00ebria menj\u00ebher\u00eb pas rr\u00ebzimit t\u00eb komunizmit me \u00ebndrr\u00ebn e madhe p\u00ebr t\u00eb prekur Hollywood-in.<\/p>\n<p><iframe loading=\"lazy\" style=\"border: none; overflow: hidden;\" src=\"https:\/\/www.facebook.com\/plugins\/post.php?href=https%3A%2F%2Fwww.facebook.com%2FParashqeviiSimaku%2Fposts%2Fpfbid0HG88PMXWMf76gZnp958GhLrezLi3xZ7UaUS9V9BzU2cErGSpPURt1MRt8t4eJdP9l&amp;show_text=true&amp;width=500\" width=\"500\" height=\"730\" frameborder=\"0\" scrolling=\"no\" allowfullscreen=\"allowfullscreen\"><\/iframe><\/p>\n<div id=\"blogs-108340405\" class=\"blogs-after-content blogs-entity-placement\"><div id=\"div-gpt-ad-1770230601260-0\" style=\"width:300px; height:600px;\"><\/div><\/div><div id=\"blogs-367687179\" class=\"blogs-adsense-after-kontent blogs-entity-placement\"><script async src=\"https:\/\/pagead2.googlesyndication.com\/pagead\/js\/adsbygoogle.js\"\r\n     crossorigin=\"anonymous\"><\/script>\r\n<!-- Tiranaread -->\r\n<ins class=\"adsbygoogle\"\r\n     style=\"display:inline-block;width:728px;height:90px\"\r\n     data-ad-client=\"ca-pub-2355142065052501\"\r\n\t data-page-url=\"https:\/\/blogseyir.com\"\r\n     data-ad-slot=\"7464751963\"><\/ins>\r\n<script>\r\n     (adsbygoogle = window.adsbygoogle || []).push({});\r\n<\/script><\/div>","protected":false},"excerpt":{"rendered":"<p>K\u00ebng\u00ebtarja e njohur shqiptare, Parashqevi Simaku, ka thyer heshtjen pas akuzave dhe shpifjeve q\u00eb prej disa muajsh qarkullojn\u00eb p\u00ebr t\u00eb n\u00eb rrjetet sociale dhe disa media online. Me nj\u00eb reagim t\u00eb gjat\u00eb n\u00eb profilin e saj, ajo shprehet se nuk do t\u00eb lejoj\u00eb ask\u00ebnd ta p\u00ebrdor\u00eb emrin e saj p\u00ebr q\u00ebllime t\u00eb ul\u00ebta dhe se [&hellip;]<\/p>\n","protected":false},"author":1,"featured_media":32316,"comment_status":"open","ping_status":"closed","sticky":false,"template":"","format":"standard","meta":{"footnotes":""},"categories":[33],"tags":[44],"class_list":["post-32314","post","type-post","status-publish","format-standard","has-post-thumbnail","hentry","category-showbizi","tag-parashqevi-simaku"],"_links":{"self":[{"href":"https:\/\/blogseyir.com\/wp\/wp-json\/wp\/v2\/posts\/32314","targetHints":{"allow":["GET"]}}],"collection":[{"href":"https:\/\/blogseyir.com\/wp\/wp-json\/wp\/v2\/posts"}],"about":[{"href":"https:\/\/blogseyir.com\/wp\/wp-json\/wp\/v2\/types\/post"}],"author":[{"embeddable":true,"href":"https:\/\/blogseyir.com\/wp\/wp-json\/wp\/v2\/users\/1"}],"replies":[{"embeddable":true,"href":"https:\/\/blogseyir.com\/wp\/wp-json\/wp\/v2\/comments?post=32314"}],"version-history":[{"count":1,"href":"https:\/\/blogseyir.com\/wp\/wp-json\/wp\/v2\/posts\/32314\/revisions"}],"predecessor-version":[{"id":32315,"href":"https:\/\/blogseyir.com\/wp\/wp-json\/wp\/v2\/posts\/32314\/revisions\/32315"}],"wp:featuredmedia":[{"embeddable":true,"href":"https:\/\/blogseyir.com\/wp\/wp-json\/wp\/v2\/media\/32316"}],"wp:attachment":[{"href":"https:\/\/blogseyir.com\/wp\/wp-json\/wp\/v2\/media?parent=32314"}],"wp:term":[{"taxonomy":"category","embeddable":true,"href":"https:\/\/blogseyir.com\/wp\/wp-json\/wp\/v2\/categories?post=32314"},{"taxonomy":"post_tag","embeddable":true,"href":"https:\/\/blogseyir.com\/wp\/wp-json\/wp\/v2\/tags?post=32314"}],"curies":[{"name":"wp","href":"https:\/\/api.w.org\/{rel}","templated":true}]}}