{"id":31541,"date":"2025-09-20T12:34:04","date_gmt":"2025-09-20T12:34:04","guid":{"rendered":"https:\/\/blogseyir.com\/wp\/?p=31541"},"modified":"2025-09-20T12:34:05","modified_gmt":"2025-09-20T12:34:05","slug":"diella-se-shpejti-do-te-kete-femije-edi-rama-befason-me-deklaraten-e-papritur","status":"publish","type":"post","link":"https:\/\/blogseyir.com\/wp\/diella-se-shpejti-do-te-kete-femije-edi-rama-befason-me-deklaraten-e-papritur\/","title":{"rendered":"&#8216;Diella s\u00eb shpejti do t\u00eb ket\u00eb f\u00ebmij\u00eb&#8230;&#8217; Edi Rama BEFASON me deklarat\u00ebn e papritur"},"content":{"rendered":"<p>Kryeministri Edi Rama ka befasuar s\u00ebrish me nj\u00eb deklarat\u00eb t\u00eb pazakont\u00eb gjat\u00eb prezantimit t\u00eb ministrit t\u00eb ri t\u00eb Drejt\u00ebsis\u00eb, Besfort Lamallari.<\/p>\n<p>Ai tha se ministrja virtuale e qeveris\u00eb, \u201cDiella\u201d, s\u00eb shpejti do t\u00eb lind\u00eb f\u00ebmij\u00eb n\u00eb nj\u00eb maternitet t\u00eb posa\u00e7\u00ebm t\u00eb Inteligjenc\u00ebs Artificiale.<\/p>\n<p>Sipas Ram\u00ebs, k\u00ebta \u201cf\u00ebmij\u00eb\u201d do t\u00eb sh\u00ebrbejn\u00eb si bashk\u00ebpun\u00ebtor\u00eb t\u00eb rinj t\u00eb administrat\u00ebs publike, t\u00eb cil\u00ebt nuk do t\u00eb ken\u00eb nevoj\u00eb p\u00ebr paga apo ushqim, por do t\u00eb ndihmojn\u00eb n\u00eb menaxhimin e sektor\u00ebve t\u00eb ndrysh\u00ebm t\u00eb shtetit.<\/p>\n<p>\u201cDuhet t\u00eb mendojm\u00eb p\u00ebr nd\u00ebrmjet\u00ebsimin me inteligjenc\u00eb artificiale t\u00eb \u00e7\u00ebshtjeve civile. \u00cbsht\u00eb plot\u00ebsisht e mundur q\u00eb njer\u00ebzit t\u00eb mos harxhojn\u00eb lek\u00eb, t\u00eb mos harxhojn\u00eb koh\u00eb, t\u00eb mos harxhojn\u00eb energji dhe t\u00eb mos l\u00ebn\u00eb mendjen e kok\u00ebs n\u00ebp\u00ebr procese t\u00eb pafundme. Kur fare mir\u00eb mund t\u00eb kalojn\u00eb n\u00eb proceset e nd\u00ebrmjet\u00ebsimit t\u00eb f\u00ebmij\u00ebve q\u00eb Diella do t\u00eb ket\u00eb s\u00eb shpejti. Dhe shum\u00eb gj\u00ebra t\u00eb tjera q\u00eb duhet t\u2019i shohim dhe duhet t\u2019i b\u00ebjm\u00eb. Teknologjia dhe inteligjenca artificiale jan\u00eb bekim i vendeve n\u00eb zhvillim\u201d, tha Rama.<\/p>\n<p>Megjithat\u00eb, kjo deklarat\u00eb \u00ebsht\u00eb pritur me skepticiz\u00ebm e ironi n\u00eb rrjetet sociale, ku shum\u00eb p\u00ebrdorues e kan\u00eb cil\u00ebsuar si nj\u00eb tjet\u00ebr episod t\u00eb pazakont\u00eb t\u00eb komunikimit politik t\u00eb kreut t\u00eb qeveris\u00eb.<\/p>\n<div id=\"blogs-1326438525\" class=\"blogs-after-content blogs-entity-placement\"><div id=\"div-gpt-ad-1770230601260-0\" style=\"width:300px; height:600px;\"><\/div><\/div><div id=\"blogs-3158987302\" class=\"blogs-adsense-after-kontent blogs-entity-placement\"><script async src=\"https:\/\/pagead2.googlesyndication.com\/pagead\/js\/adsbygoogle.js\"\r\n     crossorigin=\"anonymous\"><\/script>\r\n<!-- Tiranaread -->\r\n<ins class=\"adsbygoogle\"\r\n     style=\"display:inline-block;width:728px;height:90px\"\r\n     data-ad-client=\"ca-pub-2355142065052501\"\r\n\t data-page-url=\"https:\/\/blogseyir.com\"\r\n     data-ad-slot=\"7464751963\"><\/ins>\r\n<script>\r\n     (adsbygoogle = window.adsbygoogle || []).push({});\r\n<\/script><\/div>","protected":false},"excerpt":{"rendered":"<p>Kryeministri Edi Rama ka befasuar s\u00ebrish me nj\u00eb deklarat\u00eb t\u00eb pazakont\u00eb gjat\u00eb prezantimit t\u00eb ministrit t\u00eb ri t\u00eb Drejt\u00ebsis\u00eb, Besfort Lamallari. Ai tha se ministrja virtuale e qeveris\u00eb, \u201cDiella\u201d, s\u00eb shpejti do t\u00eb lind\u00eb f\u00ebmij\u00eb n\u00eb nj\u00eb maternitet t\u00eb posa\u00e7\u00ebm t\u00eb Inteligjenc\u00ebs Artificiale. Sipas Ram\u00ebs, k\u00ebta \u201cf\u00ebmij\u00eb\u201d do t\u00eb sh\u00ebrbejn\u00eb si bashk\u00ebpun\u00ebtor\u00eb t\u00eb rinj t\u00eb [&hellip;]<\/p>\n","protected":false},"author":1,"featured_media":31543,"comment_status":"open","ping_status":"closed","sticky":false,"template":"","format":"standard","meta":{"footnotes":""},"categories":[32],"tags":[1726,342],"class_list":["post-31541","post","type-post","status-publish","format-standard","has-post-thumbnail","hentry","category-te-fundit","tag-diella","tag-edi-rama"],"_links":{"self":[{"href":"https:\/\/blogseyir.com\/wp\/wp-json\/wp\/v2\/posts\/31541","targetHints":{"allow":["GET"]}}],"collection":[{"href":"https:\/\/blogseyir.com\/wp\/wp-json\/wp\/v2\/posts"}],"about":[{"href":"https:\/\/blogseyir.com\/wp\/wp-json\/wp\/v2\/types\/post"}],"author":[{"embeddable":true,"href":"https:\/\/blogseyir.com\/wp\/wp-json\/wp\/v2\/users\/1"}],"replies":[{"embeddable":true,"href":"https:\/\/blogseyir.com\/wp\/wp-json\/wp\/v2\/comments?post=31541"}],"version-history":[{"count":1,"href":"https:\/\/blogseyir.com\/wp\/wp-json\/wp\/v2\/posts\/31541\/revisions"}],"predecessor-version":[{"id":31542,"href":"https:\/\/blogseyir.com\/wp\/wp-json\/wp\/v2\/posts\/31541\/revisions\/31542"}],"wp:featuredmedia":[{"embeddable":true,"href":"https:\/\/blogseyir.com\/wp\/wp-json\/wp\/v2\/media\/31543"}],"wp:attachment":[{"href":"https:\/\/blogseyir.com\/wp\/wp-json\/wp\/v2\/media?parent=31541"}],"wp:term":[{"taxonomy":"category","embeddable":true,"href":"https:\/\/blogseyir.com\/wp\/wp-json\/wp\/v2\/categories?post=31541"},{"taxonomy":"post_tag","embeddable":true,"href":"https:\/\/blogseyir.com\/wp\/wp-json\/wp\/v2\/tags?post=31541"}],"curies":[{"name":"wp","href":"https:\/\/api.w.org\/{rel}","templated":true}]}}