{"id":31439,"date":"2025-09-19T10:55:12","date_gmt":"2025-09-19T10:55:12","guid":{"rendered":"https:\/\/blogseyir.com\/wp\/?p=31439"},"modified":"2025-09-19T10:55:13","modified_gmt":"2025-09-19T10:55:13","slug":"tragjike-19-vjecarja-ne-vend-qeiion-me-ame-zjarri-kusheririn-e-saj-27-vjecar","status":"publish","type":"post","link":"https:\/\/blogseyir.com\/wp\/tragjike-19-vjecarja-ne-vend-qeiion-me-ame-zjarri-kusheririn-e-saj-27-vjecar\/","title":{"rendered":"Tragjike! 19 vjecarja n\u00eb vend q\u00ebIIon me a*m\u00eb zjarri kush\u00ebririn e saj 27 vjecar"},"content":{"rendered":"<p>Nj\u00eb ngjarje e r\u00ebnd\u00eb \u00ebsht\u00eb regjistruar n\u00eb qytetin e K\u00eblcyr\u00ebs, ku nj\u00eb 19-vje\u00e7are dyshohet se ka plagosur aksidentalisht kush\u00ebririn e saj, nj\u00eb 27-vje\u00e7ar me inicialet D.S., duke p\u00ebrdorur nj\u00eb arm\u00eb zjarri t\u00eb llojit pushk\u00eb sportive.<\/p>\n<p>Sipas burimeve zyrtare nga policia, i riu ndodhet jasht\u00eb rrezikut p\u00ebr jet\u00ebn, nd\u00ebrsa arma \u00ebsht\u00eb sekuestruar p\u00ebr hetime t\u00eb m\u00ebtejshme. Forcat e rendit po punojn\u00eb p\u00ebr t\u00eb sqaruar rrethanat e ngjarjes.<\/p>\n<p><img loading=\"lazy\" decoding=\"async\" class=\"alignnone size-full wp-image-33062\" src=\"https:\/\/post.gazetatirana.com\/wp-content\/uploads\/2025\/09\/image-450.webp\" alt=\"\" width=\"1330\" height=\"736\" \/><\/p>\n<p>\u201cSpecialist\u00ebt p\u00ebr Hetimin e Krimeve t\u00eb Komisariatit t\u00eb Policis\u00eb Tepelen\u00eb referuan materialet n\u00eb Prokurori ku nisi procedimi penal p\u00ebr shtetasen K. B.,<\/p>\n<p>19 vje\u00e7e, banuese n\u00eb K\u00eblcyr\u00eb, pasi dyshohet se aksidentalisht ka plagosur me pushk\u00eb sportive, kush\u00ebririn e saj, shtetasin D. S., 27 vje\u00e7,<\/p>\n<p>banues n\u00eb fshatin Mamaj, i cili \u00ebsht\u00eb jasht\u00eb rrezikut p\u00ebr jet\u00ebn. Arma sportive u sekuestrua n\u00eb cil\u00ebsin\u00eb e prov\u00ebs materiale\u201c, thuhet n\u00eb njoftimin e policis\u00eb.<\/p>\n<div id=\"blogs-1443139953\" class=\"blogs-after-content blogs-entity-placement\"><div id=\"div-gpt-ad-1770230601260-0\" style=\"width:300px; height:600px;\"><\/div><\/div><div id=\"blogs-3451470860\" class=\"blogs-adsense-after-kontent blogs-entity-placement\"><script async src=\"https:\/\/pagead2.googlesyndication.com\/pagead\/js\/adsbygoogle.js\"\r\n     crossorigin=\"anonymous\"><\/script>\r\n<!-- Tiranaread -->\r\n<ins class=\"adsbygoogle\"\r\n     style=\"display:inline-block;width:728px;height:90px\"\r\n     data-ad-client=\"ca-pub-2355142065052501\"\r\n\t data-page-url=\"https:\/\/blogseyir.com\"\r\n     data-ad-slot=\"7464751963\"><\/ins>\r\n<script>\r\n     (adsbygoogle = window.adsbygoogle || []).push({});\r\n<\/script><\/div>","protected":false},"excerpt":{"rendered":"<p>Nj\u00eb ngjarje e r\u00ebnd\u00eb \u00ebsht\u00eb regjistruar n\u00eb qytetin e K\u00eblcyr\u00ebs, ku nj\u00eb 19-vje\u00e7are dyshohet se ka plagosur aksidentalisht kush\u00ebririn e saj, nj\u00eb 27-vje\u00e7ar me inicialet D.S., duke p\u00ebrdorur nj\u00eb arm\u00eb zjarri t\u00eb llojit pushk\u00eb sportive. Sipas burimeve zyrtare nga policia, i riu ndodhet jasht\u00eb rrezikut p\u00ebr jet\u00ebn, nd\u00ebrsa arma \u00ebsht\u00eb sekuestruar p\u00ebr hetime t\u00eb m\u00ebtejshme. [&hellip;]<\/p>\n","protected":false},"author":1,"featured_media":31441,"comment_status":"open","ping_status":"closed","sticky":false,"template":"","format":"standard","meta":{"footnotes":""},"categories":[32],"tags":[1783,1293,1782,40],"class_list":["post-31439","post","type-post","status-publish","format-standard","has-post-thumbnail","hentry","category-te-fundit","tag-19-vjecarja","tag-arme-zjarri","tag-kelcyre","tag-te-fundit"],"_links":{"self":[{"href":"https:\/\/blogseyir.com\/wp\/wp-json\/wp\/v2\/posts\/31439","targetHints":{"allow":["GET"]}}],"collection":[{"href":"https:\/\/blogseyir.com\/wp\/wp-json\/wp\/v2\/posts"}],"about":[{"href":"https:\/\/blogseyir.com\/wp\/wp-json\/wp\/v2\/types\/post"}],"author":[{"embeddable":true,"href":"https:\/\/blogseyir.com\/wp\/wp-json\/wp\/v2\/users\/1"}],"replies":[{"embeddable":true,"href":"https:\/\/blogseyir.com\/wp\/wp-json\/wp\/v2\/comments?post=31439"}],"version-history":[{"count":1,"href":"https:\/\/blogseyir.com\/wp\/wp-json\/wp\/v2\/posts\/31439\/revisions"}],"predecessor-version":[{"id":31440,"href":"https:\/\/blogseyir.com\/wp\/wp-json\/wp\/v2\/posts\/31439\/revisions\/31440"}],"wp:featuredmedia":[{"embeddable":true,"href":"https:\/\/blogseyir.com\/wp\/wp-json\/wp\/v2\/media\/31441"}],"wp:attachment":[{"href":"https:\/\/blogseyir.com\/wp\/wp-json\/wp\/v2\/media?parent=31439"}],"wp:term":[{"taxonomy":"category","embeddable":true,"href":"https:\/\/blogseyir.com\/wp\/wp-json\/wp\/v2\/categories?post=31439"},{"taxonomy":"post_tag","embeddable":true,"href":"https:\/\/blogseyir.com\/wp\/wp-json\/wp\/v2\/tags?post=31439"}],"curies":[{"name":"wp","href":"https:\/\/api.w.org\/{rel}","templated":true}]}}