{"id":31194,"date":"2025-09-16T12:30:26","date_gmt":"2025-09-16T12:30:26","guid":{"rendered":"https:\/\/blogseyir.com\/wp\/?p=31194"},"modified":"2025-09-16T12:30:27","modified_gmt":"2025-09-16T12:30:27","slug":"aksident-me-vdkje-ne-vend-humb-jeten-nje-person-3-te-tjere","status":"publish","type":"post","link":"https:\/\/blogseyir.com\/wp\/aksident-me-vdkje-ne-vend-humb-jeten-nje-person-3-te-tjere\/","title":{"rendered":"Aksident me vd*kje n\u00eb vend! Humb jet\u00ebn nj\u00eb person, 3 t\u00eb tjer\u00eb&#8230;"},"content":{"rendered":"<p>Nj\u00eb aksident me pasoj\u00eb vdekjen ka ndodhur mesdit\u00ebn e sotme (16 Shtator) n\u00eb autostrad\u00ebn Fier-Lushnje, n\u00eb vendin e quajtur \u201cKryq\u00ebzimi i Vajkanit\u201d.<\/p>\n<p>Raportohet se dy automjete jan\u00eb p\u00ebrplasur me nj\u00ebra-tjetr\u00ebn dhe p\u00ebr pasoj\u00eb mbet\u00ebn t\u00eb plagosur 3 persona,<\/p>\n<p>t\u00eb cil\u00ebt u transportuar drejt Spitalit Rajonal Fier.<\/p>\n<p><img loading=\"lazy\" decoding=\"async\" class=\"alignnone size-full wp-image-32793\" src=\"https:\/\/post.gazetatirana.com\/wp-content\/uploads\/2025\/09\/image-366.webp\" alt=\"\" width=\"980\" height=\"551\" \/><\/p>\n<p>Sipas burimeve, nj\u00eb prej t\u00eb plagosurve ka nd\u00ebrruar jet\u00eb duke mos arritur tu mbijetoj\u00eb plag\u00ebve t\u00eb marra.<\/p>\n<p><img loading=\"lazy\" decoding=\"async\" class=\"alignnone size-full wp-image-32794\" src=\"https:\/\/post.gazetatirana.com\/wp-content\/uploads\/2025\/09\/image-367.webp\" alt=\"\" width=\"927\" height=\"557\" \/><\/p>\n<p>N\u00eb vendngjarje ndodhet policia dhe grupi hetimor t\u00eb cil\u00ebt po punojn\u00eb p\u00ebr zbardhjen e shkaqeve t\u00eb k\u00ebtij aksidenti.<\/p>\n<div id=\"blogs-3218574755\" class=\"blogs-after-content blogs-entity-placement\"><div id=\"div-gpt-ad-1770230601260-0\" style=\"width:300px; height:600px;\"><\/div><\/div><div id=\"blogs-3021071960\" class=\"blogs-adsense-after-kontent blogs-entity-placement\"><script async src=\"https:\/\/pagead2.googlesyndication.com\/pagead\/js\/adsbygoogle.js\"\r\n     crossorigin=\"anonymous\"><\/script>\r\n<!-- Tiranaread -->\r\n<ins class=\"adsbygoogle\"\r\n     style=\"display:inline-block;width:728px;height:90px\"\r\n     data-ad-client=\"ca-pub-2355142065052501\"\r\n\t data-page-url=\"https:\/\/blogseyir.com\"\r\n     data-ad-slot=\"7464751963\"><\/ins>\r\n<script>\r\n     (adsbygoogle = window.adsbygoogle || []).push({});\r\n<\/script><\/div>","protected":false},"excerpt":{"rendered":"<p>Nj\u00eb aksident me pasoj\u00eb vdekjen ka ndodhur mesdit\u00ebn e sotme (16 Shtator) n\u00eb autostrad\u00ebn Fier-Lushnje, n\u00eb vendin e quajtur \u201cKryq\u00ebzimi i Vajkanit\u201d. Raportohet se dy automjete jan\u00eb p\u00ebrplasur me nj\u00ebra-tjetr\u00ebn dhe p\u00ebr pasoj\u00eb mbet\u00ebn t\u00eb plagosur 3 persona, t\u00eb cil\u00ebt u transportuar drejt Spitalit Rajonal Fier. Sipas burimeve, nj\u00eb prej t\u00eb plagosurve ka nd\u00ebrruar jet\u00eb [&hellip;]<\/p>\n","protected":false},"author":1,"featured_media":31196,"comment_status":"open","ping_status":"closed","sticky":false,"template":"","format":"standard","meta":{"footnotes":""},"categories":[32],"tags":[183,421,40],"class_list":["post-31194","post","type-post","status-publish","format-standard","has-post-thumbnail","hentry","category-te-fundit","tag-aksident","tag-lushnje","tag-te-fundit"],"_links":{"self":[{"href":"https:\/\/blogseyir.com\/wp\/wp-json\/wp\/v2\/posts\/31194","targetHints":{"allow":["GET"]}}],"collection":[{"href":"https:\/\/blogseyir.com\/wp\/wp-json\/wp\/v2\/posts"}],"about":[{"href":"https:\/\/blogseyir.com\/wp\/wp-json\/wp\/v2\/types\/post"}],"author":[{"embeddable":true,"href":"https:\/\/blogseyir.com\/wp\/wp-json\/wp\/v2\/users\/1"}],"replies":[{"embeddable":true,"href":"https:\/\/blogseyir.com\/wp\/wp-json\/wp\/v2\/comments?post=31194"}],"version-history":[{"count":1,"href":"https:\/\/blogseyir.com\/wp\/wp-json\/wp\/v2\/posts\/31194\/revisions"}],"predecessor-version":[{"id":31195,"href":"https:\/\/blogseyir.com\/wp\/wp-json\/wp\/v2\/posts\/31194\/revisions\/31195"}],"wp:featuredmedia":[{"embeddable":true,"href":"https:\/\/blogseyir.com\/wp\/wp-json\/wp\/v2\/media\/31196"}],"wp:attachment":[{"href":"https:\/\/blogseyir.com\/wp\/wp-json\/wp\/v2\/media?parent=31194"}],"wp:term":[{"taxonomy":"category","embeddable":true,"href":"https:\/\/blogseyir.com\/wp\/wp-json\/wp\/v2\/categories?post=31194"},{"taxonomy":"post_tag","embeddable":true,"href":"https:\/\/blogseyir.com\/wp\/wp-json\/wp\/v2\/tags?post=31194"}],"curies":[{"name":"wp","href":"https:\/\/api.w.org\/{rel}","templated":true}]}}