{"id":31148,"date":"2025-09-15T12:31:10","date_gmt":"2025-09-15T12:31:10","guid":{"rendered":"https:\/\/blogseyir.com\/wp\/?p=31148"},"modified":"2025-09-15T12:31:12","modified_gmt":"2025-09-15T12:31:12","slug":"tronditese-nje-burre-gjendet-i-vdkur-ne-banese-dyshohet-se","status":"publish","type":"post","link":"https:\/\/blogseyir.com\/wp\/tronditese-nje-burre-gjendet-i-vdkur-ne-banese-dyshohet-se\/","title":{"rendered":"Trondit\u00ebse! Nj\u00eb burr\u00eb gjendet i vd*kur n\u00eb banes\u00eb, dyshohet se\u2026"},"content":{"rendered":"<p>Nj\u00eb ngjarje tragjike \u00ebsht\u00eb regjistruar n\u00eb qytetin e Pogradecit, ku nj\u00eb 63-vje\u00e7ar ka nd\u00ebrruar jet\u00eb n\u00eb banes\u00ebn e tij m\u00eb 14 shtator 2025.<\/p>\n<p>Sipas informacioneve paraprake nga policia, dyshohet se vdekja ka ardhur p\u00ebr shkaqe natyrale, nd\u00ebrsa ende nuk ka t\u00eb dh\u00ebna t\u00eb plota p\u00ebr rrethanat e ngjarjes. Autoritetet po vijojn\u00eb hetimet p\u00ebr t\u00eb sqaruar \u00e7do detaj mbi rastin.<\/p>\n<p>Njoftim i Policis\u00eb:<\/p>\n<p>Pogradec\/M\u00eb dat\u00eb 14.09.2025, n\u00eb lagjen nr. 2, shtetasi G. L., 63 vje\u00e7, ka humbur jet\u00ebn n\u00eb banes\u00eb, dyshohet p\u00ebr shkaqe natyrale.<\/p>\n<p>Materialet procedurale iu referuan Prokuroris\u00eb pran\u00eb Gjykat\u00ebs s\u00eb Shkall\u00ebs s\u00eb Par\u00eb t\u00eb Juridiksionit t\u00eb P\u00ebrgjithsh\u00ebm Kor\u00e7\u00eb,p\u00ebr veprime t\u00eb m\u00ebtejshme.<\/p>\n<div id=\"blogs-1294374796\" class=\"blogs-after-content blogs-entity-placement\"><div id=\"div-gpt-ad-1770230601260-0\" style=\"width:300px; height:600px;\"><\/div><\/div><div id=\"blogs-1793032232\" class=\"blogs-adsense-after-kontent blogs-entity-placement\"><script async src=\"https:\/\/pagead2.googlesyndication.com\/pagead\/js\/adsbygoogle.js\"\r\n     crossorigin=\"anonymous\"><\/script>\r\n<!-- Tiranaread -->\r\n<ins class=\"adsbygoogle\"\r\n     style=\"display:inline-block;width:728px;height:90px\"\r\n     data-ad-client=\"ca-pub-2355142065052501\"\r\n\t data-page-url=\"https:\/\/blogseyir.com\"\r\n     data-ad-slot=\"7464751963\"><\/ins>\r\n<script>\r\n     (adsbygoogle = window.adsbygoogle || []).push({});\r\n<\/script><\/div>","protected":false},"excerpt":{"rendered":"<p>Nj\u00eb ngjarje tragjike \u00ebsht\u00eb regjistruar n\u00eb qytetin e Pogradecit, ku nj\u00eb 63-vje\u00e7ar ka nd\u00ebrruar jet\u00eb n\u00eb banes\u00ebn e tij m\u00eb 14 shtator 2025. Sipas informacioneve paraprake nga policia, dyshohet se vdekja ka ardhur p\u00ebr shkaqe natyrale, nd\u00ebrsa ende nuk ka t\u00eb dh\u00ebna t\u00eb plota p\u00ebr rrethanat e ngjarjes. Autoritetet po vijojn\u00eb hetimet p\u00ebr t\u00eb sqaruar [&hellip;]<\/p>\n","protected":false},"author":1,"featured_media":31150,"comment_status":"open","ping_status":"closed","sticky":false,"template":"","format":"standard","meta":{"footnotes":""},"categories":[32],"tags":[440,40],"class_list":["post-31148","post","type-post","status-publish","format-standard","has-post-thumbnail","hentry","category-te-fundit","tag-pogradec","tag-te-fundit"],"_links":{"self":[{"href":"https:\/\/blogseyir.com\/wp\/wp-json\/wp\/v2\/posts\/31148","targetHints":{"allow":["GET"]}}],"collection":[{"href":"https:\/\/blogseyir.com\/wp\/wp-json\/wp\/v2\/posts"}],"about":[{"href":"https:\/\/blogseyir.com\/wp\/wp-json\/wp\/v2\/types\/post"}],"author":[{"embeddable":true,"href":"https:\/\/blogseyir.com\/wp\/wp-json\/wp\/v2\/users\/1"}],"replies":[{"embeddable":true,"href":"https:\/\/blogseyir.com\/wp\/wp-json\/wp\/v2\/comments?post=31148"}],"version-history":[{"count":1,"href":"https:\/\/blogseyir.com\/wp\/wp-json\/wp\/v2\/posts\/31148\/revisions"}],"predecessor-version":[{"id":31149,"href":"https:\/\/blogseyir.com\/wp\/wp-json\/wp\/v2\/posts\/31148\/revisions\/31149"}],"wp:featuredmedia":[{"embeddable":true,"href":"https:\/\/blogseyir.com\/wp\/wp-json\/wp\/v2\/media\/31150"}],"wp:attachment":[{"href":"https:\/\/blogseyir.com\/wp\/wp-json\/wp\/v2\/media?parent=31148"}],"wp:term":[{"taxonomy":"category","embeddable":true,"href":"https:\/\/blogseyir.com\/wp\/wp-json\/wp\/v2\/categories?post=31148"},{"taxonomy":"post_tag","embeddable":true,"href":"https:\/\/blogseyir.com\/wp\/wp-json\/wp\/v2\/tags?post=31148"}],"curies":[{"name":"wp","href":"https:\/\/api.w.org\/{rel}","templated":true}]}}