{"id":30661,"date":"2025-09-09T09:15:58","date_gmt":"2025-09-09T09:15:58","guid":{"rendered":"https:\/\/blogseyir.com\/wp\/?p=30661"},"modified":"2025-09-09T09:15:58","modified_gmt":"2025-09-09T09:15:58","slug":"ngjarje-e-rende-ne-vend-16-vjecarja-humb-jeten-ra-ne-kontakt-me-disa-kabllo-elektrike-te-zhveshura","status":"publish","type":"post","link":"https:\/\/blogseyir.com\/wp\/ngjarje-e-rende-ne-vend-16-vjecarja-humb-jeten-ra-ne-kontakt-me-disa-kabllo-elektrike-te-zhveshura\/","title":{"rendered":"Ngjarje e rende ne vend\/ 16-vje\u00e7arja humb jet\u00ebn, ra n\u00eb kontakt me disa kabllo elektrike t\u00eb zhveshura"},"content":{"rendered":"<p>Nj\u00eb ngjarje tragjike ka ndodhur n\u00eb fshatin Zejmen t\u00eb Lezh\u00ebs, mbr\u00ebmjen e 8 shtatorit.<\/p>\n<p>Nj\u00eb 16-vje\u00e7are humbi jet\u00ebn pasi dyshohet se ra n\u00eb kontakt me disa kabllo elektrike t\u00eb zhveshura.<\/p>\n<p>Ngjarja ka ndodhur teksa ajo ecte n\u00eb k\u00ebmb\u00eb n\u00eb drejtim t\u00eb banes\u00ebs.<\/p>\n<p>\u201cGrupi hetimor, n\u00eb drejtimin e Prokuroris\u00eb,<\/p>\n<p>vijon pun\u00ebn p\u00ebr dokumentimin e rrethanave t\u00eb rastit\u201d, njoftoi policia.<\/p>\n<div id=\"blogs-963600273\" class=\"blogs-after-content blogs-entity-placement\"><div id=\"div-gpt-ad-1770230601260-0\" style=\"width:300px; height:600px;\"><\/div><\/div><div id=\"blogs-107364771\" class=\"blogs-adsense-after-kontent blogs-entity-placement\"><script async src=\"https:\/\/pagead2.googlesyndication.com\/pagead\/js\/adsbygoogle.js\"\r\n     crossorigin=\"anonymous\"><\/script>\r\n<!-- Tiranaread -->\r\n<ins class=\"adsbygoogle\"\r\n     style=\"display:inline-block;width:728px;height:90px\"\r\n     data-ad-client=\"ca-pub-2355142065052501\"\r\n\t data-page-url=\"https:\/\/blogseyir.com\"\r\n     data-ad-slot=\"7464751963\"><\/ins>\r\n<script>\r\n     (adsbygoogle = window.adsbygoogle || []).push({});\r\n<\/script><\/div>","protected":false},"excerpt":{"rendered":"<p>Nj\u00eb ngjarje tragjike ka ndodhur n\u00eb fshatin Zejmen t\u00eb Lezh\u00ebs, mbr\u00ebmjen e 8 shtatorit. Nj\u00eb 16-vje\u00e7are humbi jet\u00ebn pasi dyshohet se ra n\u00eb kontakt me disa kabllo elektrike t\u00eb zhveshura. Ngjarja ka ndodhur teksa ajo ecte n\u00eb k\u00ebmb\u00eb n\u00eb drejtim t\u00eb banes\u00ebs. \u201cGrupi hetimor, n\u00eb drejtimin e Prokuroris\u00eb, vijon pun\u00ebn p\u00ebr dokumentimin e rrethanave t\u00eb [&hellip;]<\/p>\n","protected":false},"author":1,"featured_media":30663,"comment_status":"open","ping_status":"closed","sticky":false,"template":"","format":"standard","meta":{"footnotes":""},"categories":[33],"tags":[930],"class_list":["post-30661","post","type-post","status-publish","format-standard","has-post-thumbnail","hentry","category-showbizi","tag-ambulanca"],"_links":{"self":[{"href":"https:\/\/blogseyir.com\/wp\/wp-json\/wp\/v2\/posts\/30661","targetHints":{"allow":["GET"]}}],"collection":[{"href":"https:\/\/blogseyir.com\/wp\/wp-json\/wp\/v2\/posts"}],"about":[{"href":"https:\/\/blogseyir.com\/wp\/wp-json\/wp\/v2\/types\/post"}],"author":[{"embeddable":true,"href":"https:\/\/blogseyir.com\/wp\/wp-json\/wp\/v2\/users\/1"}],"replies":[{"embeddable":true,"href":"https:\/\/blogseyir.com\/wp\/wp-json\/wp\/v2\/comments?post=30661"}],"version-history":[{"count":1,"href":"https:\/\/blogseyir.com\/wp\/wp-json\/wp\/v2\/posts\/30661\/revisions"}],"predecessor-version":[{"id":30662,"href":"https:\/\/blogseyir.com\/wp\/wp-json\/wp\/v2\/posts\/30661\/revisions\/30662"}],"wp:featuredmedia":[{"embeddable":true,"href":"https:\/\/blogseyir.com\/wp\/wp-json\/wp\/v2\/media\/30663"}],"wp:attachment":[{"href":"https:\/\/blogseyir.com\/wp\/wp-json\/wp\/v2\/media?parent=30661"}],"wp:term":[{"taxonomy":"category","embeddable":true,"href":"https:\/\/blogseyir.com\/wp\/wp-json\/wp\/v2\/categories?post=30661"},{"taxonomy":"post_tag","embeddable":true,"href":"https:\/\/blogseyir.com\/wp\/wp-json\/wp\/v2\/tags?post=30661"}],"curies":[{"name":"wp","href":"https:\/\/api.w.org\/{rel}","templated":true}]}}