{"id":30586,"date":"2025-09-08T10:57:33","date_gmt":"2025-09-08T10:57:33","guid":{"rendered":"https:\/\/blogseyir.com\/wp\/?p=30586"},"modified":"2025-09-08T10:57:34","modified_gmt":"2025-09-08T10:57:34","slug":"ishte-shume-i-ri-ky-eshte-vktima-e-dyte-e-atentatit-ne-shkoder-zbardhen-detaje","status":"publish","type":"post","link":"https:\/\/blogseyir.com\/wp\/ishte-shume-i-ri-ky-eshte-vktima-e-dyte-e-atentatit-ne-shkoder-zbardhen-detaje\/","title":{"rendered":"Ishte shume i ri! Ky \u00ebsht\u00eb v*ktima e dyt\u00eb e atentatit n\u00eb Shkod\u00ebr, zbardhen detaje"},"content":{"rendered":"<p>Sigurohet foto e viktim\u00ebs s\u00eb dyt\u00eb nga atentati i ndodhur pak or\u00eb m\u00eb par\u00eb n\u00eb Shkod\u00ebr.<\/p>\n<p>Personi q\u00eb shihni n\u00eb foto \u00ebsht\u00eb Liridon Kraja, nj\u00eb nga personat q\u00eb mbeti i plagosur nga bresh\u00ebria e kallashnikovit, por q\u00eb humbi jet\u00eb m\u00eb pas.<\/p>\n<p>Kujtojm\u00eb se viktima e par\u00eb ishte Armando Pali, punonj\u00ebs i Inspektoratit t\u00eb Mbrojtjes s\u00eb Territorit (IMT) dhe ish-an\u00ebtar i K\u00ebshillit Bashkiak. N\u00eb ngjarje mbet\u00ebn t\u00eb plagosur edhe Erogen Vaso (alias Brajoviq) dhe nj\u00eb grua, kamariere n\u00eb lokalin ku ndodhi sulmi<\/p>\n<div id=\"blogs-2598903073\" class=\"blogs-after-content blogs-entity-placement\"><div id=\"div-gpt-ad-1770230601260-0\" style=\"width:300px; height:600px;\"><\/div><\/div><div id=\"blogs-262909288\" class=\"blogs-adsense-after-kontent blogs-entity-placement\"><script async src=\"https:\/\/pagead2.googlesyndication.com\/pagead\/js\/adsbygoogle.js\"\r\n     crossorigin=\"anonymous\"><\/script>\r\n<!-- Tiranaread -->\r\n<ins class=\"adsbygoogle\"\r\n     style=\"display:inline-block;width:728px;height:90px\"\r\n     data-ad-client=\"ca-pub-2355142065052501\"\r\n\t data-page-url=\"https:\/\/blogseyir.com\"\r\n     data-ad-slot=\"7464751963\"><\/ins>\r\n<script>\r\n     (adsbygoogle = window.adsbygoogle || []).push({});\r\n<\/script><\/div>","protected":false},"excerpt":{"rendered":"<p>Sigurohet foto e viktim\u00ebs s\u00eb dyt\u00eb nga atentati i ndodhur pak or\u00eb m\u00eb par\u00eb n\u00eb Shkod\u00ebr. Personi q\u00eb shihni n\u00eb foto \u00ebsht\u00eb Liridon Kraja, nj\u00eb nga personat q\u00eb mbeti i plagosur nga bresh\u00ebria e kallashnikovit, por q\u00eb humbi jet\u00eb m\u00eb pas. Kujtojm\u00eb se viktima e par\u00eb ishte Armando Pali, punonj\u00ebs i Inspektoratit t\u00eb Mbrojtjes s\u00eb [&hellip;]<\/p>\n","protected":false},"author":1,"featured_media":30588,"comment_status":"open","ping_status":"closed","sticky":false,"template":"","format":"standard","meta":{"footnotes":""},"categories":[32],"tags":[1704,478,1703,333],"class_list":["post-30586","post","type-post","status-publish","format-standard","has-post-thumbnail","hentry","category-te-fundit","tag-armando-pali","tag-atentat","tag-liridon-kraja","tag-shkoder"],"_links":{"self":[{"href":"https:\/\/blogseyir.com\/wp\/wp-json\/wp\/v2\/posts\/30586","targetHints":{"allow":["GET"]}}],"collection":[{"href":"https:\/\/blogseyir.com\/wp\/wp-json\/wp\/v2\/posts"}],"about":[{"href":"https:\/\/blogseyir.com\/wp\/wp-json\/wp\/v2\/types\/post"}],"author":[{"embeddable":true,"href":"https:\/\/blogseyir.com\/wp\/wp-json\/wp\/v2\/users\/1"}],"replies":[{"embeddable":true,"href":"https:\/\/blogseyir.com\/wp\/wp-json\/wp\/v2\/comments?post=30586"}],"version-history":[{"count":1,"href":"https:\/\/blogseyir.com\/wp\/wp-json\/wp\/v2\/posts\/30586\/revisions"}],"predecessor-version":[{"id":30587,"href":"https:\/\/blogseyir.com\/wp\/wp-json\/wp\/v2\/posts\/30586\/revisions\/30587"}],"wp:featuredmedia":[{"embeddable":true,"href":"https:\/\/blogseyir.com\/wp\/wp-json\/wp\/v2\/media\/30588"}],"wp:attachment":[{"href":"https:\/\/blogseyir.com\/wp\/wp-json\/wp\/v2\/media?parent=30586"}],"wp:term":[{"taxonomy":"category","embeddable":true,"href":"https:\/\/blogseyir.com\/wp\/wp-json\/wp\/v2\/categories?post=30586"},{"taxonomy":"post_tag","embeddable":true,"href":"https:\/\/blogseyir.com\/wp\/wp-json\/wp\/v2\/tags?post=30586"}],"curies":[{"name":"wp","href":"https:\/\/api.w.org\/{rel}","templated":true}]}}