{"id":30455,"date":"2025-09-06T09:43:00","date_gmt":"2025-09-06T09:43:00","guid":{"rendered":"https:\/\/blogseyir.com\/wp\/?p=30455"},"modified":"2025-09-06T09:43:01","modified_gmt":"2025-09-06T09:43:01","slug":"ti-vrve-babain-tende-drama-arrine-kulmin-fero-shtang-me-deklaraten-ndaj-arbenites","status":"publish","type":"post","link":"https:\/\/blogseyir.com\/wp\/ti-vrve-babain-tende-drama-arrine-kulmin-fero-shtang-me-deklaraten-ndaj-arbenites\/","title":{"rendered":"&#8216;Ti vr*ve babain t\u00ebnd\u00eb&#8230;&#8217; Drama arrin\u00eb kulmin! Fero shtang me deklarat\u00ebn ndaj Arbenit\u00ebs"},"content":{"rendered":"<p>P\u00ebrplasja mes Arbenit\u00ebs dhe Feros po b\u00ebhet gjithnj\u00eb e m\u00eb e ashp\u00ebr.<\/p>\n<p>Pas reagimit t\u00eb gjat\u00eb ku modelja shprehu dhimbjen dhe akuzat e saj ndaj ish-bashk\u00ebshortit, ajo nuk u ndal vet\u00ebm tek Fero, por p\u00ebrmendi edhe t\u00eb atin e tij.<\/p>\n<p>Nj\u00eb ndjek\u00ebse anonime i shkroi Arbenit\u00ebs, duke i treguar se ishte vajza biologjike e babait t\u00eb Feros, pra motra e tij, t\u00eb cilin as ajo dhe as Fero nuk e kishin takuar ndonj\u00ebher\u00eb.<\/p>\n<p>Sipas saj, babai i reperit kishte vepruar n\u00eb m\u00ebnyr\u00eb t\u00eb ngjashme edhe ndaj n\u00ebn\u00ebs s\u00eb saj, duke e trajtuar keq, dhe duke p\u00ebrs\u00ebritur t\u00eb nj\u00ebjtin cik\u00ebl traume q\u00eb, sipas akuzave t\u00eb Arbenit\u00ebs, Fero e kishte vazhduar n\u00eb marr\u00ebdh\u00ebnien me t\u00eb.<\/p>\n<p>Arbenita e ndau publikisht k\u00ebt\u00eb mesazh, duke shkruar:<\/p>\n<p><img loading=\"lazy\" decoding=\"async\" class=\"alignnone size-full wp-image-31852\" src=\"https:\/\/post.gazetatirana.com\/wp-content\/uploads\/2025\/09\/image-136.webp\" alt=\"\" width=\"445\" height=\"861\" \/><\/p>\n<p>\u201cSi babai, ashtu edhe i biri. Fatkeq\u00ebsisht disa njer\u00ebz nuk jan\u00eb mjaftuesh\u00ebm te fort\u00eb p\u00ebr t\u00eb thyer traum\u00ebn q\u00eb u jep familja. Nj\u00eb familje v\u00ebrtet e s\u00ebmur\u00eb\u2026\u201d<\/p>\n<p>Nga ana tjet\u00ebr, nj\u00eb ish-bashk\u00ebvendase e Arbenit\u00ebs i kishte zbuluar Feros disa detaje p\u00ebr t\u00eb, ndaj reperi reagoi duke th\u00ebn\u00eb:<\/p>\n<p><img loading=\"lazy\" decoding=\"async\" class=\"alignnone size-full wp-image-31853\" src=\"https:\/\/post.gazetatirana.com\/wp-content\/uploads\/2025\/09\/image-137.webp\" alt=\"\" width=\"418\" height=\"853\" \/><\/p>\n<p>\u201cTi e vrave babain t\u00ebnd. M\u00eb vjen keq p\u00ebr ty, por m\u00eb shum\u00eb p\u00ebr babain t\u00ebnd.\u201d<\/p>\n<p>M\u00eb pas ai shp\u00ebrndau edhe nj\u00eb artikull mediatik, ku p\u00ebrmendej fakti se babai i Arbenit\u00ebs nd\u00ebrroi jet\u00eb n\u00eb t\u00eb nj\u00ebjt\u00ebn dit\u00eb kur ajo solli n\u00eb jet\u00eb vajz\u00ebn, duke e shoq\u00ebruar me fjal\u00ebt:<\/p>\n<p>\u201cA nuk \u00ebsht\u00eb kjo nj\u00eb shenj\u00eb nga Zoti?\u201d<\/p>\n<p><img loading=\"lazy\" decoding=\"async\" class=\"alignnone size-full wp-image-31854\" src=\"https:\/\/post.gazetatirana.com\/wp-content\/uploads\/2025\/09\/image-138.webp\" alt=\"\" width=\"417\" height=\"861\" \/><\/p>\n<div id=\"blogs-690738959\" class=\"blogs-after-content blogs-entity-placement\"><div id=\"div-gpt-ad-1770230601260-0\" style=\"width:300px; height:600px;\"><\/div><\/div><div id=\"blogs-774214619\" class=\"blogs-adsense-after-kontent blogs-entity-placement\"><script async src=\"https:\/\/pagead2.googlesyndication.com\/pagead\/js\/adsbygoogle.js\"\r\n     crossorigin=\"anonymous\"><\/script>\r\n<!-- Tiranaread -->\r\n<ins class=\"adsbygoogle\"\r\n     style=\"display:inline-block;width:728px;height:90px\"\r\n     data-ad-client=\"ca-pub-2355142065052501\"\r\n\t data-page-url=\"https:\/\/blogseyir.com\"\r\n     data-ad-slot=\"7464751963\"><\/ins>\r\n<script>\r\n     (adsbygoogle = window.adsbygoogle || []).push({});\r\n<\/script><\/div>","protected":false},"excerpt":{"rendered":"<p>P\u00ebrplasja mes Arbenit\u00ebs dhe Feros po b\u00ebhet gjithnj\u00eb e m\u00eb e ashp\u00ebr. Pas reagimit t\u00eb gjat\u00eb ku modelja shprehu dhimbjen dhe akuzat e saj ndaj ish-bashk\u00ebshortit, ajo nuk u ndal vet\u00ebm tek Fero, por p\u00ebrmendi edhe t\u00eb atin e tij. Nj\u00eb ndjek\u00ebse anonime i shkroi Arbenit\u00ebs, duke i treguar se ishte vajza biologjike e babait [&hellip;]<\/p>\n","protected":false},"author":1,"featured_media":30457,"comment_status":"open","ping_status":"closed","sticky":false,"template":"","format":"standard","meta":{"footnotes":""},"categories":[32],"tags":[1692,536],"class_list":["post-30455","post","type-post","status-publish","format-standard","has-post-thumbnail","hentry","category-te-fundit","tag-arbenita","tag-fero"],"_links":{"self":[{"href":"https:\/\/blogseyir.com\/wp\/wp-json\/wp\/v2\/posts\/30455","targetHints":{"allow":["GET"]}}],"collection":[{"href":"https:\/\/blogseyir.com\/wp\/wp-json\/wp\/v2\/posts"}],"about":[{"href":"https:\/\/blogseyir.com\/wp\/wp-json\/wp\/v2\/types\/post"}],"author":[{"embeddable":true,"href":"https:\/\/blogseyir.com\/wp\/wp-json\/wp\/v2\/users\/1"}],"replies":[{"embeddable":true,"href":"https:\/\/blogseyir.com\/wp\/wp-json\/wp\/v2\/comments?post=30455"}],"version-history":[{"count":1,"href":"https:\/\/blogseyir.com\/wp\/wp-json\/wp\/v2\/posts\/30455\/revisions"}],"predecessor-version":[{"id":30456,"href":"https:\/\/blogseyir.com\/wp\/wp-json\/wp\/v2\/posts\/30455\/revisions\/30456"}],"wp:featuredmedia":[{"embeddable":true,"href":"https:\/\/blogseyir.com\/wp\/wp-json\/wp\/v2\/media\/30457"}],"wp:attachment":[{"href":"https:\/\/blogseyir.com\/wp\/wp-json\/wp\/v2\/media?parent=30455"}],"wp:term":[{"taxonomy":"category","embeddable":true,"href":"https:\/\/blogseyir.com\/wp\/wp-json\/wp\/v2\/categories?post=30455"},{"taxonomy":"post_tag","embeddable":true,"href":"https:\/\/blogseyir.com\/wp\/wp-json\/wp\/v2\/tags?post=30455"}],"curies":[{"name":"wp","href":"https:\/\/api.w.org\/{rel}","templated":true}]}}