{"id":30265,"date":"2025-09-03T19:43:31","date_gmt":"2025-09-03T19:43:31","guid":{"rendered":"https:\/\/blogseyir.com\/wp\/?p=30265"},"modified":"2025-09-03T19:43:32","modified_gmt":"2025-09-03T19:43:32","slug":"ndodh-serish-edukatorja-dhnon-3-vjecarin-ne-tirane-drejtoresha-e-kopshtit-i-le-nenes-zotin-allahu-te-ta-marre-hakun","status":"publish","type":"post","link":"https:\/\/blogseyir.com\/wp\/ndodh-serish-edukatorja-dhnon-3-vjecarin-ne-tirane-drejtoresha-e-kopshtit-i-le-nenes-zotin-allahu-te-ta-marre-hakun\/","title":{"rendered":"Ndodh s\u00ebrish! Edukatorja dh*non 3 vjecarin n\u00eb tiran\u00eb, drejtoresha e kopshtit \u201ci l\u00eb\u201d n\u00ebn\u00ebs Zotin: Allahu t\u00eb ta marr\u00eb hakun"},"content":{"rendered":"<p>Nj\u00eb tjet\u00ebr rast dhunimi \u00ebsht\u00eb regjistruar n\u00eb nj\u00eb nga kopshtet e vendit ton\u00eb. K\u00ebsaj here kemi t\u00eb b\u00ebjm\u00eb me kopshtin \u201cQendra Siar\u201d n\u00eb M\u00ebzes-Fush\u00eb, ku nj\u00eb i mitur 3-vje\u00e7ar thuhet se \u00ebsht\u00eb dhunuar nga edukatoret.<\/p>\n<p>Ka qen\u00eb vet\u00eb n\u00ebna e 3-vje\u00e7arit ajo e cila ka denoncuar me foto dhun\u00ebn q\u00eb pretendon se i \u00ebsht\u00eb ushtruar djalit t\u00eb saj.<\/p>\n<p>P\u00ebr JOQ, ajo ka b\u00ebr\u00eb me dije se i biri ka qen\u00eb viktim\u00eb e dhun\u00ebs, si nga nj\u00eb f\u00ebmij\u00ebt tjet\u00ebr n\u00eb kopsht, po ashtu edhe nga edukatoret.<\/p>\n<p>Sipas n\u00ebn\u00ebs, nj\u00eb dit\u00eb kishte shkuar ta merrte pas p\u00ebrfundimit t\u00eb orarit, por ishte p\u00ebrballur me drejtoresh\u00ebn e k\u00ebtij kopshti, E. T, e cila i ishte drejtuar duke i th\u00ebn\u00eb se kishin b\u00ebr\u00eb nj\u00eb \u201cgabim\u201d.<\/p>\n<p>N\u00eb at\u00eb moment, n\u00ebna ka v\u00ebn\u00eb re se fytyra e f\u00ebmij\u00ebs ishte e mbuluar me krem dhe drejtoresha i tha se kishte ndodhur nj\u00eb z\u00ebnk\u00eb midis f\u00ebmij\u00ebve. Mir\u00ebpo, kur e kishte par\u00eb f\u00ebmij\u00ebn tjet\u00ebr kishte v\u00ebn\u00eb re q\u00eb ai nuk i kishte dh\u00ebmb\u00ebt e p\u00ebrpara dhe sipas saj kan\u00eb qen\u00eb edukatoret e kopshtit ato t\u00eb cilat kan\u00eb goditur me shuplak\u00eb djalin e saj.Teksa ka k\u00ebrkuar shpjegim nga drejtoresha , n\u00ebna e shqet\u00ebsuar dhe e alarmuar p\u00ebr djalin e saj \u00ebsht\u00eb p\u00ebrballur me nj\u00eb fjalor aspak adekuat nga E.T.<\/p>\n<p>\u201cJam prind i nj\u00eb f\u00ebmije 3-vje\u00e7ar, i cili deri para disa dit\u00ebsh frekuentonte kopshtin \u201cQendra Siar\u201d, me drejtoresh\u00eb Erviola Truka, n\u00eb Mezez-Fush\u00eb.<\/p>\n<p>Nj\u00eb dit\u00eb mora djalin nga kopshti n\u00eb nj\u00eb gjendje t\u00eb r\u00ebnd\u00eb, pa qen\u00eb i lajm\u00ebruar m\u00eb par\u00eb p\u00ebr incidentin e ndodhur. M\u00eb than\u00eb vet\u00ebm se e kishte kafshuar nj\u00eb f\u00ebmij\u00eb tjet\u00ebr. Por, kur e pash\u00eb at\u00eb f\u00ebmij\u00eb pas dy dit\u00ebsh, vura re se nuk kishte fare dh\u00ebmb\u00eb p\u00ebrpara.<\/p>\n<p>Komunikimi me drejtoresh\u00ebn ishte i mang\u00ebt, pa mbajtur p\u00ebrgjegj\u00ebsi dhe pa dh\u00ebn\u00eb asnj\u00eb shpjegim p\u00ebr at\u00eb q\u00eb kishte ndodhur. Ajo m\u00eb premtoi se do t\u00eb m\u00eb jepte pamjet nga kamerat e siguris\u00eb, por pas disa koh\u00ebsh mora vet\u00ebm nj\u00eb mesazh, ku m\u00eb k\u00ebrkonte t\u00eb mos e \u00e7oja m\u00eb f\u00ebmij\u00ebn n\u00eb kopsht. Ky moment p\u00ebrkoi edhe me largimin e edukatores nga institucioni.<\/p>\n<p>Nga drejtoresha kam marr\u00eb mesazhe k\u00ebrc\u00ebnuese dhe mallkime. P\u00ebr m\u00eb tep\u00ebr, ajo ka nisur nj\u00eb fushat\u00eb ndaj prind\u00ebrve t\u00eb tjer\u00eb, duke e etiketuar f\u00ebmij\u00ebn tim si agresiv dhe problematik\u201d, shkruan ajo n\u00eb denoncim, nd\u00ebrkoh\u00eb q\u00eb ka publikuar edhe fotot nga biseda me drejtoresh\u00ebn e k\u00ebtij kopshti.<\/p>\n<p><img loading=\"lazy\" decoding=\"async\" class=\"alignnone size-full wp-image-31641\" src=\"https:\/\/post.gazetatirana.com\/wp-content\/uploads\/2025\/09\/image-74.webp\" alt=\"\" width=\"417\" height=\"561\" \/><\/p>\n<p><img loading=\"lazy\" decoding=\"async\" class=\"alignnone size-full wp-image-31643\" src=\"https:\/\/post.gazetatirana.com\/wp-content\/uploads\/2025\/09\/image-75.webp\" alt=\"\" width=\"300\" height=\"563\" \/><\/p>\n<p><img loading=\"lazy\" decoding=\"async\" class=\"alignnone size-full wp-image-31644\" src=\"https:\/\/post.gazetatirana.com\/wp-content\/uploads\/2025\/09\/image-76.webp\" alt=\"\" width=\"284\" height=\"568\" \/><img loading=\"lazy\" decoding=\"async\" class=\"alignnone size-full wp-image-31645\" src=\"https:\/\/post.gazetatirana.com\/wp-content\/uploads\/2025\/09\/image-77.webp\" alt=\"\" width=\"254\" height=\"563\" \/><\/p>\n<div id=\"blogs-2081144729\" class=\"blogs-after-content blogs-entity-placement\"><div id=\"div-gpt-ad-1770230601260-0\" style=\"width:300px; height:600px;\"><\/div><\/div><div id=\"blogs-952391140\" class=\"blogs-adsense-after-kontent blogs-entity-placement\"><script async src=\"https:\/\/pagead2.googlesyndication.com\/pagead\/js\/adsbygoogle.js\"\r\n     crossorigin=\"anonymous\"><\/script>\r\n<!-- Tiranaread -->\r\n<ins class=\"adsbygoogle\"\r\n     style=\"display:inline-block;width:728px;height:90px\"\r\n     data-ad-client=\"ca-pub-2355142065052501\"\r\n\t data-page-url=\"https:\/\/blogseyir.com\"\r\n     data-ad-slot=\"7464751963\"><\/ins>\r\n<script>\r\n     (adsbygoogle = window.adsbygoogle || []).push({});\r\n<\/script><\/div>","protected":false},"excerpt":{"rendered":"<p>Nj\u00eb tjet\u00ebr rast dhunimi \u00ebsht\u00eb regjistruar n\u00eb nj\u00eb nga kopshtet e vendit ton\u00eb. K\u00ebsaj here kemi t\u00eb b\u00ebjm\u00eb me kopshtin \u201cQendra Siar\u201d n\u00eb M\u00ebzes-Fush\u00eb, ku nj\u00eb i mitur 3-vje\u00e7ar thuhet se \u00ebsht\u00eb dhunuar nga edukatoret. Ka qen\u00eb vet\u00eb n\u00ebna e 3-vje\u00e7arit ajo e cila ka denoncuar me foto dhun\u00ebn q\u00eb pretendon se i \u00ebsht\u00eb ushtruar [&hellip;]<\/p>\n","protected":false},"author":1,"featured_media":30267,"comment_status":"open","ping_status":"closed","sticky":false,"template":"","format":"standard","meta":{"footnotes":""},"categories":[32],"tags":[1428,532,40,49],"class_list":["post-30265","post","type-post","status-publish","format-standard","has-post-thumbnail","hentry","category-te-fundit","tag-dhune","tag-edukatorja","tag-te-fundit","tag-tirane"],"_links":{"self":[{"href":"https:\/\/blogseyir.com\/wp\/wp-json\/wp\/v2\/posts\/30265","targetHints":{"allow":["GET"]}}],"collection":[{"href":"https:\/\/blogseyir.com\/wp\/wp-json\/wp\/v2\/posts"}],"about":[{"href":"https:\/\/blogseyir.com\/wp\/wp-json\/wp\/v2\/types\/post"}],"author":[{"embeddable":true,"href":"https:\/\/blogseyir.com\/wp\/wp-json\/wp\/v2\/users\/1"}],"replies":[{"embeddable":true,"href":"https:\/\/blogseyir.com\/wp\/wp-json\/wp\/v2\/comments?post=30265"}],"version-history":[{"count":1,"href":"https:\/\/blogseyir.com\/wp\/wp-json\/wp\/v2\/posts\/30265\/revisions"}],"predecessor-version":[{"id":30266,"href":"https:\/\/blogseyir.com\/wp\/wp-json\/wp\/v2\/posts\/30265\/revisions\/30266"}],"wp:featuredmedia":[{"embeddable":true,"href":"https:\/\/blogseyir.com\/wp\/wp-json\/wp\/v2\/media\/30267"}],"wp:attachment":[{"href":"https:\/\/blogseyir.com\/wp\/wp-json\/wp\/v2\/media?parent=30265"}],"wp:term":[{"taxonomy":"category","embeddable":true,"href":"https:\/\/blogseyir.com\/wp\/wp-json\/wp\/v2\/categories?post=30265"},{"taxonomy":"post_tag","embeddable":true,"href":"https:\/\/blogseyir.com\/wp\/wp-json\/wp\/v2\/tags?post=30265"}],"curies":[{"name":"wp","href":"https:\/\/api.w.org\/{rel}","templated":true}]}}