{"id":30196,"date":"2025-09-02T18:12:34","date_gmt":"2025-09-02T18:12:34","guid":{"rendered":"https:\/\/blogseyir.com\/wp\/?p=30196"},"modified":"2025-09-02T18:12:35","modified_gmt":"2025-09-02T18:12:35","slug":"lajmi-i-fundit-gjendet-i-pajete-ne-banese-nje-person-dyshohet-se-ka-nderruar-jete-disa-dite-me-pare","status":"publish","type":"post","link":"https:\/\/blogseyir.com\/wp\/lajmi-i-fundit-gjendet-i-pajete-ne-banese-nje-person-dyshohet-se-ka-nderruar-jete-disa-dite-me-pare\/","title":{"rendered":"LAJMI I FUNDIT: Gjendet i pajet\u00eb n\u00eb banes\u00eb nj\u00eb person, dyshohet se ka nd\u00ebrruar jet\u00eb disa dit\u00eb m\u00eb par\u00eb"},"content":{"rendered":"<p>Nj\u00eb 70-vje\u00e7ar \u00ebsht\u00eb gjetur pa shenja jete n\u00eb banes\u00ebn ku jetonte i vet\u00ebm n\u00eb qytetin e Kor\u00e7\u00ebs.<\/p>\n<p>Policia e qytetit thot\u00eb se nuk jan\u00eb konstatuar shenja dhune, nd\u00ebrsa i moshuari dyshohet se ka nd\u00ebrruar jet\u00eb disa dit\u00eb m\u00eb par\u00eb.<\/p>\n<p>\u201cRreth or\u00ebs 18:50, n\u00eb lagjen nr. 10, \u00ebsht\u00eb gjetur pa shenja jete dhe pa shenja dhune, n\u00eb banes\u00ebn ku jetonte vet\u00ebm, shtetasi N. K., rreth 70 vje\u00e7.<\/p>\n<p>Nga veprimet e para hetimore, dyshohet se ky shtetas ka humbur jet\u00ebn disa dit\u00eb m\u00eb par\u00eb.<\/p>\n<p>Grupi hetimor ndodhet n\u00eb vendngjarje dhe po punon p\u00ebr p\u00ebrcaktimin e shkakut t\u00eb humbjes s\u00eb jet\u00ebs dhe dokumentimin e plot\u00eb t\u00eb rrethanave t\u00eb rastit\u201d, njofton policia.<\/p>\n<div id=\"blogs-371960928\" class=\"blogs-after-content blogs-entity-placement\"><div id=\"div-gpt-ad-1770230601260-0\" style=\"width:300px; height:600px;\"><\/div><\/div><div id=\"blogs-2295879923\" class=\"blogs-adsense-after-kontent blogs-entity-placement\"><script async src=\"https:\/\/pagead2.googlesyndication.com\/pagead\/js\/adsbygoogle.js\"\r\n     crossorigin=\"anonymous\"><\/script>\r\n<!-- Tiranaread -->\r\n<ins class=\"adsbygoogle\"\r\n     style=\"display:inline-block;width:728px;height:90px\"\r\n     data-ad-client=\"ca-pub-2355142065052501\"\r\n\t data-page-url=\"https:\/\/blogseyir.com\"\r\n     data-ad-slot=\"7464751963\"><\/ins>\r\n<script>\r\n     (adsbygoogle = window.adsbygoogle || []).push({});\r\n<\/script><\/div>","protected":false},"excerpt":{"rendered":"<p>Nj\u00eb 70-vje\u00e7ar \u00ebsht\u00eb gjetur pa shenja jete n\u00eb banes\u00ebn ku jetonte i vet\u00ebm n\u00eb qytetin e Kor\u00e7\u00ebs. Policia e qytetit thot\u00eb se nuk jan\u00eb konstatuar shenja dhune, nd\u00ebrsa i moshuari dyshohet se ka nd\u00ebrruar jet\u00eb disa dit\u00eb m\u00eb par\u00eb. \u201cRreth or\u00ebs 18:50, n\u00eb lagjen nr. 10, \u00ebsht\u00eb gjetur pa shenja jete dhe pa shenja dhune, [&hellip;]<\/p>\n","protected":false},"author":1,"featured_media":30198,"comment_status":"open","ping_status":"closed","sticky":false,"template":"","format":"standard","meta":{"footnotes":""},"categories":[32],"tags":[43,40,41],"class_list":["post-30196","post","type-post","status-publish","format-standard","has-post-thumbnail","hentry","category-te-fundit","tag-korce","tag-te-fundit","tag-vdekje"],"_links":{"self":[{"href":"https:\/\/blogseyir.com\/wp\/wp-json\/wp\/v2\/posts\/30196","targetHints":{"allow":["GET"]}}],"collection":[{"href":"https:\/\/blogseyir.com\/wp\/wp-json\/wp\/v2\/posts"}],"about":[{"href":"https:\/\/blogseyir.com\/wp\/wp-json\/wp\/v2\/types\/post"}],"author":[{"embeddable":true,"href":"https:\/\/blogseyir.com\/wp\/wp-json\/wp\/v2\/users\/1"}],"replies":[{"embeddable":true,"href":"https:\/\/blogseyir.com\/wp\/wp-json\/wp\/v2\/comments?post=30196"}],"version-history":[{"count":1,"href":"https:\/\/blogseyir.com\/wp\/wp-json\/wp\/v2\/posts\/30196\/revisions"}],"predecessor-version":[{"id":30197,"href":"https:\/\/blogseyir.com\/wp\/wp-json\/wp\/v2\/posts\/30196\/revisions\/30197"}],"wp:featuredmedia":[{"embeddable":true,"href":"https:\/\/blogseyir.com\/wp\/wp-json\/wp\/v2\/media\/30198"}],"wp:attachment":[{"href":"https:\/\/blogseyir.com\/wp\/wp-json\/wp\/v2\/media?parent=30196"}],"wp:term":[{"taxonomy":"category","embeddable":true,"href":"https:\/\/blogseyir.com\/wp\/wp-json\/wp\/v2\/categories?post=30196"},{"taxonomy":"post_tag","embeddable":true,"href":"https:\/\/blogseyir.com\/wp\/wp-json\/wp\/v2\/tags?post=30196"}],"curies":[{"name":"wp","href":"https:\/\/api.w.org\/{rel}","templated":true}]}}