{"id":30150,"date":"2025-09-02T13:28:46","date_gmt":"2025-09-02T13:28:46","guid":{"rendered":"https:\/\/blogseyir.com\/wp\/?p=30150"},"modified":"2025-09-02T13:28:47","modified_gmt":"2025-09-02T13:28:47","slug":"pa-dicka-qe-nuk-duhet-gazetarja-e-njohur-hedh-hipoteza-kush-e-mori-jeten-e-pavlinit-ne-lule-te-rinise","status":"publish","type":"post","link":"https:\/\/blogseyir.com\/wp\/pa-dicka-qe-nuk-duhet-gazetarja-e-njohur-hedh-hipoteza-kush-e-mori-jeten-e-pavlinit-ne-lule-te-rinise\/","title":{"rendered":"&#8216;Pa dicka q\u00eb nuk duhet&#8230;&#8217; gazetarja e njohur hedh hipoteza: Kush e mori jet\u00ebn e Pavlinit n\u00eb lule t\u00eb rinis\u00eb?"},"content":{"rendered":"<p>Vrasja e 20-vje\u00e7arit Pavlin Preka mbetet ende mister edhe pse kan\u00eb kaluar 6 muaj. Sipas gazetares Aida Topalli, n\u00eb vitin 2025 ka nj\u00eb s\u00ebr\u00eb ngjaresh kriminale q\u00eb kan\u00eb mbetur mister.<\/p>\n<p>E ftuar n\u00eb Breaking n\u00eb Top News, ajo tha se policia nuk ka punuar dhe ecur tutje me hetimet e b\u00ebra p\u00ebr ngjarjet. P\u00ebr vrasjen e Pavlin Prek\u00ebs n\u00eb nj\u00eb zon\u00eb t\u00eb thell\u00eb t\u00eb Shkodr\u00ebs, mbetet mister edhe p\u00ebr vet\u00eb autoritetet atje.<\/p>\n<p>\u201c\u00cbsht\u00eb nj\u00eb i ri pa nj\u00eb rekord kriminal. U vra me silenciator, dhe \u00ebsht\u00eb thirrur t\u00eb dal\u00eb jasht\u00eb sht\u00ebpis\u00eb s\u00eb tij, ka qen\u00eb ekzekutim mafioz. As fqinj\u00ebt nuk kan\u00eb d\u00ebgjuar asgj\u00eb q\u00eb t\u00eb mund t\u00eb d\u00ebgjonin.<\/p>\n<p>Nuk ka as kamera sigurie, por ishte nj\u00eb vrasje e mir\u00ebmenduar dhe mir\u00eborganizuar. Dy jan\u00eb pistat kryesore. Nj\u00eb \u00ebsht\u00eb p\u00ebr territoret e kanabasit, n\u00eb lidhje me parcelat.<\/p>\n<p>Mund t\u00eb ket\u00eb par\u00eb di\u00e7ka ndoshta q\u00eb nuk duhet ta shihte. Mund t\u00eb ket\u00eb punuar p\u00ebr grupet kriminale dhe mund t\u00eb ket\u00eb pasur g\u00ebrricje e grupet kriminale nuk e kan\u00eb p\u00ebr gj\u00eb t\u00eb t\u00eb heqin qafe.<\/p>\n<p>Vrasjet e fundit t\u00eb b\u00ebra n\u00eb Shkod\u00ebr kan\u00eb pasur n\u00eb thelb moralin, por nuk dua t\u00eb zbuloj m\u00eb shum\u00eb pa i prishur pun\u00eb hetimeve,\u201c tha Topalli.<\/p>\n<div id=\"blogs-3593087199\" class=\"blogs-after-content blogs-entity-placement\"><div id=\"div-gpt-ad-1770230601260-0\" style=\"width:300px; height:600px;\"><\/div><\/div><div id=\"blogs-1994983610\" class=\"blogs-adsense-after-kontent blogs-entity-placement\"><script async src=\"https:\/\/pagead2.googlesyndication.com\/pagead\/js\/adsbygoogle.js\"\r\n     crossorigin=\"anonymous\"><\/script>\r\n<!-- Tiranaread -->\r\n<ins class=\"adsbygoogle\"\r\n     style=\"display:inline-block;width:728px;height:90px\"\r\n     data-ad-client=\"ca-pub-2355142065052501\"\r\n\t data-page-url=\"https:\/\/blogseyir.com\"\r\n     data-ad-slot=\"7464751963\"><\/ins>\r\n<script>\r\n     (adsbygoogle = window.adsbygoogle || []).push({});\r\n<\/script><\/div>","protected":false},"excerpt":{"rendered":"<p>Vrasja e 20-vje\u00e7arit Pavlin Preka mbetet ende mister edhe pse kan\u00eb kaluar 6 muaj. Sipas gazetares Aida Topalli, n\u00eb vitin 2025 ka nj\u00eb s\u00ebr\u00eb ngjaresh kriminale q\u00eb kan\u00eb mbetur mister. E ftuar n\u00eb Breaking n\u00eb Top News, ajo tha se policia nuk ka punuar dhe ecur tutje me hetimet e b\u00ebra p\u00ebr ngjarjet. P\u00ebr vrasjen [&hellip;]<\/p>\n","protected":false},"author":1,"featured_media":30152,"comment_status":"open","ping_status":"closed","sticky":false,"template":"","format":"standard","meta":{"footnotes":""},"categories":[32],"tags":[1658,710,56],"class_list":["post-30150","post","type-post","status-publish","format-standard","has-post-thumbnail","hentry","category-te-fundit","tag-aida-topalli","tag-pavlin-preka","tag-vrasje"],"_links":{"self":[{"href":"https:\/\/blogseyir.com\/wp\/wp-json\/wp\/v2\/posts\/30150","targetHints":{"allow":["GET"]}}],"collection":[{"href":"https:\/\/blogseyir.com\/wp\/wp-json\/wp\/v2\/posts"}],"about":[{"href":"https:\/\/blogseyir.com\/wp\/wp-json\/wp\/v2\/types\/post"}],"author":[{"embeddable":true,"href":"https:\/\/blogseyir.com\/wp\/wp-json\/wp\/v2\/users\/1"}],"replies":[{"embeddable":true,"href":"https:\/\/blogseyir.com\/wp\/wp-json\/wp\/v2\/comments?post=30150"}],"version-history":[{"count":1,"href":"https:\/\/blogseyir.com\/wp\/wp-json\/wp\/v2\/posts\/30150\/revisions"}],"predecessor-version":[{"id":30151,"href":"https:\/\/blogseyir.com\/wp\/wp-json\/wp\/v2\/posts\/30150\/revisions\/30151"}],"wp:featuredmedia":[{"embeddable":true,"href":"https:\/\/blogseyir.com\/wp\/wp-json\/wp\/v2\/media\/30152"}],"wp:attachment":[{"href":"https:\/\/blogseyir.com\/wp\/wp-json\/wp\/v2\/media?parent=30150"}],"wp:term":[{"taxonomy":"category","embeddable":true,"href":"https:\/\/blogseyir.com\/wp\/wp-json\/wp\/v2\/categories?post=30150"},{"taxonomy":"post_tag","embeddable":true,"href":"https:\/\/blogseyir.com\/wp\/wp-json\/wp\/v2\/tags?post=30150"}],"curies":[{"name":"wp","href":"https:\/\/api.w.org\/{rel}","templated":true}]}}