{"id":30131,"date":"2025-09-02T10:21:48","date_gmt":"2025-09-02T10:21:48","guid":{"rendered":"https:\/\/blogseyir.com\/wp\/?p=30131"},"modified":"2025-09-02T10:21:49","modified_gmt":"2025-09-02T10:21:49","slug":"tronditet-tirana-gjendet-pa-shenja-jete-gruaja-55-vjecare-ja-cfare-dyshohet","status":"publish","type":"post","link":"https:\/\/blogseyir.com\/wp\/tronditet-tirana-gjendet-pa-shenja-jete-gruaja-55-vjecare-ja-cfare-dyshohet\/","title":{"rendered":"Tronditet Tirana! Gjendet pa shenja jete gruaja 55 vjecare, ja cfar\u00eb dyshohet!"},"content":{"rendered":"<p>Nj\u00eb ngjarje r\u00ebnd\u00eb ka ndodhur n\u00eb kryeqytet, ku nj\u00eb grua dyshohet se i ka dh\u00ebn\u00eb fund jet\u00ebs n\u00eb m\u00ebnyr\u00eb tragjike.<\/p>\n<p>Sipas njoftimit t\u00eb policis\u00eb, shtetasja V. \u00c7., 55 vje\u00e7e, dit\u00ebn e djeshme \u00ebsht\u00eb gjetur pa shenja jete, e cila dyshohet se \u00ebsht\u00eb vet\u00ebvarur n\u00eb Pez\u00eb t\u00eb Madhe.<\/p>\n<p>Familjar\u00ebt e viktim\u00ebs kan\u00eb deklaruar se gruaja vuante nga problemet e sh\u00ebndetit mendor.<\/p>\n<p>Policia e Tiran\u00ebs thot\u00eb se po punohet p\u00ebr sqarimin e rrethanave t\u00eb rastit.<\/p>\n<div id=\"blogs-97531411\" class=\"blogs-after-content blogs-entity-placement\"><div id=\"div-gpt-ad-1770230601260-0\" style=\"width:300px; height:600px;\"><\/div><\/div><div id=\"blogs-2250597104\" class=\"blogs-adsense-after-kontent blogs-entity-placement\"><script async src=\"https:\/\/pagead2.googlesyndication.com\/pagead\/js\/adsbygoogle.js\"\r\n     crossorigin=\"anonymous\"><\/script>\r\n<!-- Tiranaread -->\r\n<ins class=\"adsbygoogle\"\r\n     style=\"display:inline-block;width:728px;height:90px\"\r\n     data-ad-client=\"ca-pub-2355142065052501\"\r\n\t data-page-url=\"https:\/\/blogseyir.com\"\r\n     data-ad-slot=\"7464751963\"><\/ins>\r\n<script>\r\n     (adsbygoogle = window.adsbygoogle || []).push({});\r\n<\/script><\/div>","protected":false},"excerpt":{"rendered":"<p>Nj\u00eb ngjarje r\u00ebnd\u00eb ka ndodhur n\u00eb kryeqytet, ku nj\u00eb grua dyshohet se i ka dh\u00ebn\u00eb fund jet\u00ebs n\u00eb m\u00ebnyr\u00eb tragjike. Sipas njoftimit t\u00eb policis\u00eb, shtetasja V. \u00c7., 55 vje\u00e7e, dit\u00ebn e djeshme \u00ebsht\u00eb gjetur pa shenja jete, e cila dyshohet se \u00ebsht\u00eb vet\u00ebvarur n\u00eb Pez\u00eb t\u00eb Madhe. Familjar\u00ebt e viktim\u00ebs kan\u00eb deklaruar se gruaja vuante [&hellip;]<\/p>\n","protected":false},"author":1,"featured_media":30133,"comment_status":"open","ping_status":"closed","sticky":false,"template":"","format":"standard","meta":{"footnotes":""},"categories":[32],"tags":[40,49],"class_list":["post-30131","post","type-post","status-publish","format-standard","has-post-thumbnail","hentry","category-te-fundit","tag-te-fundit","tag-tirane"],"_links":{"self":[{"href":"https:\/\/blogseyir.com\/wp\/wp-json\/wp\/v2\/posts\/30131","targetHints":{"allow":["GET"]}}],"collection":[{"href":"https:\/\/blogseyir.com\/wp\/wp-json\/wp\/v2\/posts"}],"about":[{"href":"https:\/\/blogseyir.com\/wp\/wp-json\/wp\/v2\/types\/post"}],"author":[{"embeddable":true,"href":"https:\/\/blogseyir.com\/wp\/wp-json\/wp\/v2\/users\/1"}],"replies":[{"embeddable":true,"href":"https:\/\/blogseyir.com\/wp\/wp-json\/wp\/v2\/comments?post=30131"}],"version-history":[{"count":1,"href":"https:\/\/blogseyir.com\/wp\/wp-json\/wp\/v2\/posts\/30131\/revisions"}],"predecessor-version":[{"id":30132,"href":"https:\/\/blogseyir.com\/wp\/wp-json\/wp\/v2\/posts\/30131\/revisions\/30132"}],"wp:featuredmedia":[{"embeddable":true,"href":"https:\/\/blogseyir.com\/wp\/wp-json\/wp\/v2\/media\/30133"}],"wp:attachment":[{"href":"https:\/\/blogseyir.com\/wp\/wp-json\/wp\/v2\/media?parent=30131"}],"wp:term":[{"taxonomy":"category","embeddable":true,"href":"https:\/\/blogseyir.com\/wp\/wp-json\/wp\/v2\/categories?post=30131"},{"taxonomy":"post_tag","embeddable":true,"href":"https:\/\/blogseyir.com\/wp\/wp-json\/wp\/v2\/tags?post=30131"}],"curies":[{"name":"wp","href":"https:\/\/api.w.org\/{rel}","templated":true}]}}