{"id":30128,"date":"2025-09-02T09:53:04","date_gmt":"2025-09-02T09:53:04","guid":{"rendered":"https:\/\/blogseyir.com\/wp\/?p=30128"},"modified":"2025-09-02T09:53:05","modified_gmt":"2025-09-02T09:53:05","slug":"u-rrezua-aksidentalisht-humb-jeten-turisti-ne-sarande","status":"publish","type":"post","link":"https:\/\/blogseyir.com\/wp\/u-rrezua-aksidentalisht-humb-jeten-turisti-ne-sarande\/","title":{"rendered":"U rr\u00ebzua aksidentalisht, humb jet\u00ebn turisti n\u00eb Sarand\u00eb!"},"content":{"rendered":"<p>Nj\u00eb ngjarje r\u00ebnd\u00eb ka ndodhur or\u00ebt e para t\u00eb m\u00ebngjesit t\u00eb sot\u00ebm n\u00eb qytetin e Sarand\u00ebs, ku nj\u00eb turist francez ka humbur jet\u00ebn.<\/p>\n<p>Sipas njoftimit t\u00eb policis\u00eb, shtetasi francez M. F., 28 vje\u00e7 n\u00eb gjendje t\u00eb dehur ka humbur ekuilibrin dhe aksidentalisht \u00ebsht\u00eb rr\u00ebzuar nga nj\u00eb lart\u00ebsi, ku si pasoj\u00eb e d\u00ebmtimeve t\u00eb marra ka nd\u00ebrruar jet\u00eb.<\/p>\n<p>\u201cSpecialist\u00ebt p\u00ebr Hetimin e Krimeve n\u00eb Komisariatin e Policis\u00eb Sarand\u00eb po kryejn\u00eb veprime hetimore p\u00ebr zbardhjen e plot\u00eb t\u00eb rastit, pasi m\u00eb dat\u00eb 02.09.2025, rreth or\u00ebs 03:00, n\u00eb rrug\u00ebn \u201cButrinti\u201d, Sarand\u00eb, shtetasi francez M. F., 28 vje\u00e7, dyshohet se n\u00eb gjendje t\u00eb dehur ka humbur ekuilibrin dhe aksidentalisht \u00ebsht\u00eb rr\u00ebzuar nga nj\u00eb lart\u00ebsi, ku si pasoj\u00eb e d\u00ebmtimeve t\u00eb marra ka nd\u00ebrruar jet\u00eb\u201d, njofton policia.<\/p>\n<p>Materialet iu referuan Prokuroris\u00eb, p\u00ebr veprime t\u00eb m\u00ebtejshme.<\/p>\n<div id=\"blogs-1741859419\" class=\"blogs-after-content blogs-entity-placement\"><div id=\"div-gpt-ad-1770230601260-0\" style=\"width:300px; height:600px;\"><\/div><\/div><div id=\"blogs-694155899\" class=\"blogs-adsense-after-kontent blogs-entity-placement\"><script async src=\"https:\/\/pagead2.googlesyndication.com\/pagead\/js\/adsbygoogle.js\"\r\n     crossorigin=\"anonymous\"><\/script>\r\n<!-- Tiranaread -->\r\n<ins class=\"adsbygoogle\"\r\n     style=\"display:inline-block;width:728px;height:90px\"\r\n     data-ad-client=\"ca-pub-2355142065052501\"\r\n\t data-page-url=\"https:\/\/blogseyir.com\"\r\n     data-ad-slot=\"7464751963\"><\/ins>\r\n<script>\r\n     (adsbygoogle = window.adsbygoogle || []).push({});\r\n<\/script><\/div>","protected":false},"excerpt":{"rendered":"<p>Nj\u00eb ngjarje r\u00ebnd\u00eb ka ndodhur or\u00ebt e para t\u00eb m\u00ebngjesit t\u00eb sot\u00ebm n\u00eb qytetin e Sarand\u00ebs, ku nj\u00eb turist francez ka humbur jet\u00ebn. Sipas njoftimit t\u00eb policis\u00eb, shtetasi francez M. F., 28 vje\u00e7 n\u00eb gjendje t\u00eb dehur ka humbur ekuilibrin dhe aksidentalisht \u00ebsht\u00eb rr\u00ebzuar nga nj\u00eb lart\u00ebsi, ku si pasoj\u00eb e d\u00ebmtimeve t\u00eb marra ka [&hellip;]<\/p>\n","protected":false},"author":1,"featured_media":30130,"comment_status":"open","ping_status":"closed","sticky":false,"template":"","format":"standard","meta":{"footnotes":""},"categories":[32],"tags":[253,40,41],"class_list":["post-30128","post","type-post","status-publish","format-standard","has-post-thumbnail","hentry","category-te-fundit","tag-sarande","tag-te-fundit","tag-vdekje"],"_links":{"self":[{"href":"https:\/\/blogseyir.com\/wp\/wp-json\/wp\/v2\/posts\/30128","targetHints":{"allow":["GET"]}}],"collection":[{"href":"https:\/\/blogseyir.com\/wp\/wp-json\/wp\/v2\/posts"}],"about":[{"href":"https:\/\/blogseyir.com\/wp\/wp-json\/wp\/v2\/types\/post"}],"author":[{"embeddable":true,"href":"https:\/\/blogseyir.com\/wp\/wp-json\/wp\/v2\/users\/1"}],"replies":[{"embeddable":true,"href":"https:\/\/blogseyir.com\/wp\/wp-json\/wp\/v2\/comments?post=30128"}],"version-history":[{"count":1,"href":"https:\/\/blogseyir.com\/wp\/wp-json\/wp\/v2\/posts\/30128\/revisions"}],"predecessor-version":[{"id":30129,"href":"https:\/\/blogseyir.com\/wp\/wp-json\/wp\/v2\/posts\/30128\/revisions\/30129"}],"wp:featuredmedia":[{"embeddable":true,"href":"https:\/\/blogseyir.com\/wp\/wp-json\/wp\/v2\/media\/30130"}],"wp:attachment":[{"href":"https:\/\/blogseyir.com\/wp\/wp-json\/wp\/v2\/media?parent=30128"}],"wp:term":[{"taxonomy":"category","embeddable":true,"href":"https:\/\/blogseyir.com\/wp\/wp-json\/wp\/v2\/categories?post=30128"},{"taxonomy":"post_tag","embeddable":true,"href":"https:\/\/blogseyir.com\/wp\/wp-json\/wp\/v2\/tags?post=30128"}],"curies":[{"name":"wp","href":"https:\/\/api.w.org\/{rel}","templated":true}]}}