{"id":30080,"date":"2025-09-01T14:45:32","date_gmt":"2025-09-01T14:45:32","guid":{"rendered":"https:\/\/blogseyir.com\/wp\/?p=30080"},"modified":"2025-09-01T14:45:33","modified_gmt":"2025-09-01T14:45:33","slug":"kush-na-ka-maiikuar-ish-banori-i-big-brother-vip-peson-aksident-rrugor","status":"publish","type":"post","link":"https:\/\/blogseyir.com\/wp\/kush-na-ka-maiikuar-ish-banori-i-big-brother-vip-peson-aksident-rrugor\/","title":{"rendered":"\u201cKush na ka maIIkuar?\u201d Ish-Banori i Big Brother Vip peson aksident rrugor&#8230;"},"content":{"rendered":"<p>Mevlan Shaba, i cili \u00ebsht\u00eb dhe nj\u00eb nd\u00ebr figurat m\u00eb t\u00eb komentuara n\u00eb median \u201croz\u00eb\u201d si n\u00eb Shqip\u00ebri, po ashtu dhe n\u00eb Kosov\u00eb, \u00ebsht\u00eb p\u00ebrfshir\u00eb n\u00eb nj\u00eb aksident.<\/p>\n<p>Ka qen\u00eb vet\u00eb k\u00ebng\u00ebtari dhe ish-banori i Big Brother Vip Kosova, ai i cili p\u00ebrmes nj\u00eb video n\u00eb rrjetet e tij sociale ka b\u00ebr\u00eb me dije se pasditen e k\u00ebsaj t\u00eb diele se \u00ebsht\u00eb aksidentuar me automjetin e tij.<\/p>\n<p>N\u00eb pamje shihet makina e tij luksoze teksa ka pasuar d\u00ebmtime n\u00eb pjes\u00ebn e p\u00ebrparme, nd\u00ebrkoh\u00eb q\u00eb fatmir\u00ebsisht vet\u00eb k\u00ebng\u00ebtari ka shp\u00ebtuar pa l\u00ebndime.<\/p>\n<p><img loading=\"lazy\" decoding=\"async\" class=\"alignnone size-full wp-image-31433\" src=\"https:\/\/post.gazetatirana.com\/wp-content\/uploads\/2025\/09\/mevlan-shaba.webp\" alt=\"\" width=\"1151\" height=\"1343\" \/><\/p>\n<p>Po ashtu dhe personat t\u00eb cil\u00ebt po udh\u00ebtonin me mjetin tjet\u00ebr m\u00eb t\u00eb cilin k\u00ebng\u00ebtari u p\u00ebrplas nuk kan\u00eb p\u00ebsuar l\u00ebndime.<\/p>\n<p>\u201cKush na ka mallkuar?\u201d, shkruan ai krah videos.<\/p>\n<p><iframe loading=\"lazy\" title=\"Mevlani ben aksident\" width=\"422\" height=\"750\" src=\"https:\/\/www.youtube.com\/embed\/BUPXhjbcrJM?feature=oembed\" frameborder=\"0\" allow=\"accelerometer; autoplay; clipboard-write; encrypted-media; gyroscope; picture-in-picture; web-share\" referrerpolicy=\"strict-origin-when-cross-origin\" allowfullscreen><\/iframe><\/p>\n<div id=\"blogs-4058797448\" class=\"blogs-after-content blogs-entity-placement\"><div id=\"div-gpt-ad-1770230601260-0\" style=\"width:300px; height:600px;\"><\/div><\/div><div id=\"blogs-2900411803\" class=\"blogs-adsense-after-kontent blogs-entity-placement\"><script async src=\"https:\/\/pagead2.googlesyndication.com\/pagead\/js\/adsbygoogle.js\"\r\n     crossorigin=\"anonymous\"><\/script>\r\n<!-- Tiranaread -->\r\n<ins class=\"adsbygoogle\"\r\n     style=\"display:inline-block;width:728px;height:90px\"\r\n     data-ad-client=\"ca-pub-2355142065052501\"\r\n\t data-page-url=\"https:\/\/blogseyir.com\"\r\n     data-ad-slot=\"7464751963\"><\/ins>\r\n<script>\r\n     (adsbygoogle = window.adsbygoogle || []).push({});\r\n<\/script><\/div>","protected":false},"excerpt":{"rendered":"<p>Mevlan Shaba, i cili \u00ebsht\u00eb dhe nj\u00eb nd\u00ebr figurat m\u00eb t\u00eb komentuara n\u00eb median \u201croz\u00eb\u201d si n\u00eb Shqip\u00ebri, po ashtu dhe n\u00eb Kosov\u00eb, \u00ebsht\u00eb p\u00ebrfshir\u00eb n\u00eb nj\u00eb aksident. Ka qen\u00eb vet\u00eb k\u00ebng\u00ebtari dhe ish-banori i Big Brother Vip Kosova, ai i cili p\u00ebrmes nj\u00eb video n\u00eb rrjetet e tij sociale ka b\u00ebr\u00eb me dije se [&hellip;]<\/p>\n","protected":false},"author":1,"featured_media":30082,"comment_status":"open","ping_status":"closed","sticky":false,"template":"","format":"standard","meta":{"footnotes":""},"categories":[33],"tags":[183,295,331],"class_list":["post-30080","post","type-post","status-publish","format-standard","has-post-thumbnail","hentry","category-showbizi","tag-aksident","tag-bbv","tag-mevlan-shaba"],"_links":{"self":[{"href":"https:\/\/blogseyir.com\/wp\/wp-json\/wp\/v2\/posts\/30080","targetHints":{"allow":["GET"]}}],"collection":[{"href":"https:\/\/blogseyir.com\/wp\/wp-json\/wp\/v2\/posts"}],"about":[{"href":"https:\/\/blogseyir.com\/wp\/wp-json\/wp\/v2\/types\/post"}],"author":[{"embeddable":true,"href":"https:\/\/blogseyir.com\/wp\/wp-json\/wp\/v2\/users\/1"}],"replies":[{"embeddable":true,"href":"https:\/\/blogseyir.com\/wp\/wp-json\/wp\/v2\/comments?post=30080"}],"version-history":[{"count":1,"href":"https:\/\/blogseyir.com\/wp\/wp-json\/wp\/v2\/posts\/30080\/revisions"}],"predecessor-version":[{"id":30081,"href":"https:\/\/blogseyir.com\/wp\/wp-json\/wp\/v2\/posts\/30080\/revisions\/30081"}],"wp:featuredmedia":[{"embeddable":true,"href":"https:\/\/blogseyir.com\/wp\/wp-json\/wp\/v2\/media\/30082"}],"wp:attachment":[{"href":"https:\/\/blogseyir.com\/wp\/wp-json\/wp\/v2\/media?parent=30080"}],"wp:term":[{"taxonomy":"category","embeddable":true,"href":"https:\/\/blogseyir.com\/wp\/wp-json\/wp\/v2\/categories?post=30080"},{"taxonomy":"post_tag","embeddable":true,"href":"https:\/\/blogseyir.com\/wp\/wp-json\/wp\/v2\/tags?post=30080"}],"curies":[{"name":"wp","href":"https:\/\/api.w.org\/{rel}","templated":true}]}}