{"id":30047,"date":"2025-09-01T08:29:45","date_gmt":"2025-09-01T08:29:45","guid":{"rendered":"https:\/\/blogseyir.com\/wp\/?p=30047"},"modified":"2025-09-01T08:29:46","modified_gmt":"2025-09-01T08:29:46","slug":"termet-trondites-ne-afganistan-mbi-600-te-vdkur-dhe-mijera-ne-rrenoja","status":"publish","type":"post","link":"https:\/\/blogseyir.com\/wp\/termet-trondites-ne-afganistan-mbi-600-te-vdkur-dhe-mijera-ne-rrenoja\/","title":{"rendered":"T\u00ebrmet trondit\u00ebs n\u00eb Afganistan, mbi 600 te vd*kur dhe mijera ne rrenoja!"},"content":{"rendered":"<p>Mbi 620 njer\u00ebz humb\u00ebn jet\u00ebn dhe m\u00eb shum\u00eb se 1.500 t\u00eb tjer\u00eb u plagos\u00ebn nga nj\u00eb t\u00ebrmet q\u00eb goditi Afganistanin lindor, njoftuan autoritetet t\u00eb h\u00ebn\u00ebn. Ekipet e shp\u00ebtimit vazhdojn\u00eb k\u00ebrkimet p\u00ebr t\u00eb mbijetuar mes rr\u00ebnojave.<\/p>\n<p>Sipas raportimeve t\u00eb para, vet\u00ebm n\u00eb nj\u00eb fshat jan\u00eb gjetur 30 viktima, por shifrat e sakta nuk jan\u00eb mbledhur ende, pasi b\u00ebhet fjal\u00eb p\u00ebr nj\u00eb zon\u00eb t\u00eb thell\u00eb malore me fshatra t\u00eb shp\u00ebrndar\u00eb.<\/p>\n<p>\u201cNumri i viktimave dhe i t\u00eb plagosurve \u00ebsht\u00eb i lart\u00eb, por p\u00ebr shkak se zona \u00ebsht\u00eb e v\u00ebshtir\u00eb p\u00ebr t\u2019u arritur, ekipet tona jan\u00eb ende n\u00eb terren\u201d, tha z\u00ebdh\u00ebn\u00ebsi i Ministris\u00eb talibane t\u00eb Sh\u00ebndet\u00ebsis\u00eb, Sharafat Zaman.<\/p>\n<p>Sipas raporteve, tre fshatra u shkat\u00ebrruan plot\u00ebsisht n\u00eb provinc\u00ebn Kunar, nd\u00ebrsa shum\u00eb t\u00eb tjer\u00eb p\u00ebsuan d\u00ebme t\u00eb konsiderueshme. T\u00ebrmeti me magnitud\u00eb 6 ra n\u00eb mesnat\u00eb, n\u00eb nj\u00eb thell\u00ebsi prej 10 kilometrash, duke shkat\u00ebrruar sht\u00ebpit\u00eb prej balte dhe guri n\u00eb kufi me rajonin Khiber Paktunkva t\u00eb Pakistanit, b\u00ebn\u00eb t\u00eb ditur zyrtar\u00ebt.<\/p>\n<p><img loading=\"lazy\" decoding=\"async\" class=\"alignnone size-full wp-image-31397\" src=\"https:\/\/post.gazetatirana.com\/wp-content\/uploads\/2025\/09\/image-5.webp\" alt=\"\" width=\"792\" height=\"525\" \/><\/p>\n<p>Qeveria e udh\u00ebhequr nga taliban\u00ebt b\u00ebri thirrje p\u00ebr ndihm\u00eb urgjente nga organizatat nd\u00ebrkomb\u00ebtare. N\u00eb nj\u00eb postim n\u00eb X, ajo tha se t\u00ebrmeti ka shkaktuar \u201chumbje jet\u00ebsh dhe d\u00ebme materiale n\u00eb disa provinca lindore\u201d.<\/p>\n<p>Rajoni i goditur nga t\u00ebrmeti ishte ende duke u p\u00ebrballur me pasojat e p\u00ebrmbytjeve q\u00eb ndodh\u00ebn n\u00eb fundjav\u00eb. P\u00ebrmbytjet p\u00ebrfshin\u00eb provincat Nangarhar dhe Kunar, duke shkaktuar vdekjen e s\u00eb paku pes\u00eb personave. Ato shkaktuan rr\u00ebshqitje dheu, d\u00ebmtuan infrastruktur\u00ebn dhe p\u00ebrkoh\u00ebsisht bllokuan qarkullimin mes Pakistanit dhe Afganistanit.\/REL<\/p>\n<p>&nbsp;<\/p>\n<div id=\"blogs-1087883179\" class=\"blogs-after-content blogs-entity-placement\"><div id=\"div-gpt-ad-1770230601260-0\" style=\"width:300px; height:600px;\"><\/div><\/div><div id=\"blogs-2930759454\" class=\"blogs-adsense-after-kontent blogs-entity-placement\"><script async src=\"https:\/\/pagead2.googlesyndication.com\/pagead\/js\/adsbygoogle.js\"\r\n     crossorigin=\"anonymous\"><\/script>\r\n<!-- Tiranaread -->\r\n<ins class=\"adsbygoogle\"\r\n     style=\"display:inline-block;width:728px;height:90px\"\r\n     data-ad-client=\"ca-pub-2355142065052501\"\r\n\t data-page-url=\"https:\/\/blogseyir.com\"\r\n     data-ad-slot=\"7464751963\"><\/ins>\r\n<script>\r\n     (adsbygoogle = window.adsbygoogle || []).push({});\r\n<\/script><\/div>","protected":false},"excerpt":{"rendered":"<p>Mbi 620 njer\u00ebz humb\u00ebn jet\u00ebn dhe m\u00eb shum\u00eb se 1.500 t\u00eb tjer\u00eb u plagos\u00ebn nga nj\u00eb t\u00ebrmet q\u00eb goditi Afganistanin lindor, njoftuan autoritetet t\u00eb h\u00ebn\u00ebn. Ekipet e shp\u00ebtimit vazhdojn\u00eb k\u00ebrkimet p\u00ebr t\u00eb mbijetuar mes rr\u00ebnojave. Sipas raportimeve t\u00eb para, vet\u00ebm n\u00eb nj\u00eb fshat jan\u00eb gjetur 30 viktima, por shifrat e sakta nuk jan\u00eb mbledhur ende, [&hellip;]<\/p>\n","protected":false},"author":1,"featured_media":30049,"comment_status":"open","ping_status":"closed","sticky":false,"template":"","format":"standard","meta":{"footnotes":""},"categories":[32],"tags":[1653,40,89],"class_list":["post-30047","post","type-post","status-publish","format-standard","has-post-thumbnail","hentry","category-te-fundit","tag-afganistan","tag-te-fundit","tag-termet"],"_links":{"self":[{"href":"https:\/\/blogseyir.com\/wp\/wp-json\/wp\/v2\/posts\/30047","targetHints":{"allow":["GET"]}}],"collection":[{"href":"https:\/\/blogseyir.com\/wp\/wp-json\/wp\/v2\/posts"}],"about":[{"href":"https:\/\/blogseyir.com\/wp\/wp-json\/wp\/v2\/types\/post"}],"author":[{"embeddable":true,"href":"https:\/\/blogseyir.com\/wp\/wp-json\/wp\/v2\/users\/1"}],"replies":[{"embeddable":true,"href":"https:\/\/blogseyir.com\/wp\/wp-json\/wp\/v2\/comments?post=30047"}],"version-history":[{"count":1,"href":"https:\/\/blogseyir.com\/wp\/wp-json\/wp\/v2\/posts\/30047\/revisions"}],"predecessor-version":[{"id":30048,"href":"https:\/\/blogseyir.com\/wp\/wp-json\/wp\/v2\/posts\/30047\/revisions\/30048"}],"wp:featuredmedia":[{"embeddable":true,"href":"https:\/\/blogseyir.com\/wp\/wp-json\/wp\/v2\/media\/30049"}],"wp:attachment":[{"href":"https:\/\/blogseyir.com\/wp\/wp-json\/wp\/v2\/media?parent=30047"}],"wp:term":[{"taxonomy":"category","embeddable":true,"href":"https:\/\/blogseyir.com\/wp\/wp-json\/wp\/v2\/categories?post=30047"},{"taxonomy":"post_tag","embeddable":true,"href":"https:\/\/blogseyir.com\/wp\/wp-json\/wp\/v2\/tags?post=30047"}],"curies":[{"name":"wp","href":"https:\/\/api.w.org\/{rel}","templated":true}]}}