{"id":29963,"date":"2025-08-30T11:19:18","date_gmt":"2025-08-30T11:19:18","guid":{"rendered":"https:\/\/blogseyir.com\/wp\/?p=29963"},"modified":"2025-08-30T11:19:19","modified_gmt":"2025-08-30T11:19:19","slug":"cmendet-moti-stuhi-e-forte-shiu-ne-kryeqytet-era-merr-para-karrige-e","status":"publish","type":"post","link":"https:\/\/blogseyir.com\/wp\/cmendet-moti-stuhi-e-forte-shiu-ne-kryeqytet-era-merr-para-karrige-e\/","title":{"rendered":"&#8220;\u00c7mendet&#8221; moti! Stuhi e fort\u00eb shiu n\u00eb kryeqytet, era merr para karrige e&#8230;"},"content":{"rendered":"<p>Kryeqyteti \u00ebsht\u00eb p\u00ebrfshir\u00eb prej disa minutash nga nj\u00eb stuhi e fort\u00eb shiu.<\/p>\n<p>&nbsp;<\/p>\n<p>N\u00eb pamjet nga Tirana, duket se era e fort\u00eb ka marr\u00eb para karriget e lokaleve dhe sende t\u00eb tjera.<\/p>\n<p>Reshjet e shiut pritet t\u00eb jen\u00eb intensive deri rreth or\u00ebs 15:00.<\/p>\n<p>Kjo stuhi ishte paralajmeruar qe diten e djeshme nga sinoptikane dhe autoritetet.<\/p>\n<p>Ku u be thirrje qe te shmangen levizjet pa arsye.<\/p>\n<p><iframe loading=\"lazy\" title=\"Top Channel\/ &quot;\u00c7mendet&quot; moti! Stuhi e fort\u00eb shiu n\u00eb kryeqytet, era merr para karrige e tavolina\" width=\"500\" height=\"281\" src=\"https:\/\/www.youtube.com\/embed\/VN0tX7FeE68?feature=oembed\" frameborder=\"0\" allow=\"accelerometer; autoplay; clipboard-write; encrypted-media; gyroscope; picture-in-picture; web-share\" referrerpolicy=\"strict-origin-when-cross-origin\" allowfullscreen><\/iframe><\/p>\n<div id=\"blogs-396551644\" class=\"blogs-after-content blogs-entity-placement\"><div id=\"div-gpt-ad-1770230601260-0\" style=\"width:300px; height:600px;\"><\/div><\/div><div id=\"blogs-1136954586\" class=\"blogs-adsense-after-kontent blogs-entity-placement\"><script async src=\"https:\/\/pagead2.googlesyndication.com\/pagead\/js\/adsbygoogle.js\"\r\n     crossorigin=\"anonymous\"><\/script>\r\n<!-- Tiranaread -->\r\n<ins class=\"adsbygoogle\"\r\n     style=\"display:inline-block;width:728px;height:90px\"\r\n     data-ad-client=\"ca-pub-2355142065052501\"\r\n\t data-page-url=\"https:\/\/blogseyir.com\"\r\n     data-ad-slot=\"7464751963\"><\/ins>\r\n<script>\r\n     (adsbygoogle = window.adsbygoogle || []).push({});\r\n<\/script><\/div>","protected":false},"excerpt":{"rendered":"<p>Kryeqyteti \u00ebsht\u00eb p\u00ebrfshir\u00eb prej disa minutash nga nj\u00eb stuhi e fort\u00eb shiu. &nbsp; N\u00eb pamjet nga Tirana, duket se era e fort\u00eb ka marr\u00eb para karriget e lokaleve dhe sende t\u00eb tjera. Reshjet e shiut pritet t\u00eb jen\u00eb intensive deri rreth or\u00ebs 15:00. Kjo stuhi ishte paralajmeruar qe diten e djeshme nga sinoptikane dhe autoritetet. [&hellip;]<\/p>\n","protected":false},"author":1,"featured_media":29965,"comment_status":"open","ping_status":"closed","sticky":false,"template":"","format":"standard","meta":{"footnotes":""},"categories":[33],"tags":[1238,942],"class_list":["post-29963","post","type-post","status-publish","format-standard","has-post-thumbnail","hentry","category-showbizi","tag-stuhi","tag-tirana"],"_links":{"self":[{"href":"https:\/\/blogseyir.com\/wp\/wp-json\/wp\/v2\/posts\/29963","targetHints":{"allow":["GET"]}}],"collection":[{"href":"https:\/\/blogseyir.com\/wp\/wp-json\/wp\/v2\/posts"}],"about":[{"href":"https:\/\/blogseyir.com\/wp\/wp-json\/wp\/v2\/types\/post"}],"author":[{"embeddable":true,"href":"https:\/\/blogseyir.com\/wp\/wp-json\/wp\/v2\/users\/1"}],"replies":[{"embeddable":true,"href":"https:\/\/blogseyir.com\/wp\/wp-json\/wp\/v2\/comments?post=29963"}],"version-history":[{"count":1,"href":"https:\/\/blogseyir.com\/wp\/wp-json\/wp\/v2\/posts\/29963\/revisions"}],"predecessor-version":[{"id":29964,"href":"https:\/\/blogseyir.com\/wp\/wp-json\/wp\/v2\/posts\/29963\/revisions\/29964"}],"wp:featuredmedia":[{"embeddable":true,"href":"https:\/\/blogseyir.com\/wp\/wp-json\/wp\/v2\/media\/29965"}],"wp:attachment":[{"href":"https:\/\/blogseyir.com\/wp\/wp-json\/wp\/v2\/media?parent=29963"}],"wp:term":[{"taxonomy":"category","embeddable":true,"href":"https:\/\/blogseyir.com\/wp\/wp-json\/wp\/v2\/categories?post=29963"},{"taxonomy":"post_tag","embeddable":true,"href":"https:\/\/blogseyir.com\/wp\/wp-json\/wp\/v2\/tags?post=29963"}],"curies":[{"name":"wp","href":"https:\/\/api.w.org\/{rel}","templated":true}]}}