{"id":29744,"date":"2025-08-27T16:28:14","date_gmt":"2025-08-27T16:28:14","guid":{"rendered":"https:\/\/blogseyir.com\/wp\/?p=29744"},"modified":"2025-08-27T16:28:15","modified_gmt":"2025-08-27T16:28:15","slug":"i-nxehti-mberthen-vendin-nuk-do-e-besoni-sa-do-shkojne-temperaturat","status":"publish","type":"post","link":"https:\/\/blogseyir.com\/wp\/i-nxehti-mberthen-vendin-nuk-do-e-besoni-sa-do-shkojne-temperaturat\/","title":{"rendered":"I nxehti mb\u00ebrthen vendin! Nuk do e besoni sa do shkojn\u00eb temperaturat"},"content":{"rendered":"<p>Dit\u00ebn e m\u00ebrkur\u00eb vendi yn\u00eb do t\u00eb ndikohet nga kushte atmosferike t\u00eb q\u00ebndrueshme.<\/p>\n<p>Moti parashikohet t\u00eb jet\u00eb me kthjellime dhe vran\u00ebsira t\u00eb pakta kalimtare n\u00eb or\u00ebt e mesdit\u00ebs n\u00eb veri t\u00eb vendit.<\/p>\n<p>Temperaturat do t\u00eb p\u00ebsojn\u00eb rritje gjat\u00eb dit\u00ebs s\u00eb nes\u00ebrme,<\/p>\n<p>ku n\u00eb vlerat maksimale do t\u00eb arrijn\u00eb deri n\u00eb 36 grad\u00eb celcius dhe \u00ebn ato minimale n\u00eb 15 grad\u00eb celcius.<\/p>\n<p>Era do t\u00eb fryj\u00eb me drejtim verilindje-veriper\u00ebndim me shpejt\u00ebsi mesatare 8 m\/s,<\/p>\n<p>nd\u00ebrsa n\u00eb zonat luginore dhe p\u00ebrgjat\u00eb vij\u00ebs bregdetare hera-her\u00ebs do t\u00eb fitoj\u00eb shpejt\u00ebsi deri n\u00eb 10 m\/s.<\/p>\n<div id=\"blogs-509685654\" class=\"blogs-after-content blogs-entity-placement\"><div id=\"div-gpt-ad-1770230601260-0\" style=\"width:300px; height:600px;\"><\/div><\/div><div id=\"blogs-3287383901\" class=\"blogs-adsense-after-kontent blogs-entity-placement\"><script async src=\"https:\/\/pagead2.googlesyndication.com\/pagead\/js\/adsbygoogle.js\"\r\n     crossorigin=\"anonymous\"><\/script>\r\n<!-- Tiranaread -->\r\n<ins class=\"adsbygoogle\"\r\n     style=\"display:inline-block;width:728px;height:90px\"\r\n     data-ad-client=\"ca-pub-2355142065052501\"\r\n\t data-page-url=\"https:\/\/blogseyir.com\"\r\n     data-ad-slot=\"7464751963\"><\/ins>\r\n<script>\r\n     (adsbygoogle = window.adsbygoogle || []).push({});\r\n<\/script><\/div>","protected":false},"excerpt":{"rendered":"<p>Dit\u00ebn e m\u00ebrkur\u00eb vendi yn\u00eb do t\u00eb ndikohet nga kushte atmosferike t\u00eb q\u00ebndrueshme. Moti parashikohet t\u00eb jet\u00eb me kthjellime dhe vran\u00ebsira t\u00eb pakta kalimtare n\u00eb or\u00ebt e mesdit\u00ebs n\u00eb veri t\u00eb vendit. Temperaturat do t\u00eb p\u00ebsojn\u00eb rritje gjat\u00eb dit\u00ebs s\u00eb nes\u00ebrme, ku n\u00eb vlerat maksimale do t\u00eb arrijn\u00eb deri n\u00eb 36 grad\u00eb celcius dhe \u00ebn [&hellip;]<\/p>\n","protected":false},"author":1,"featured_media":29746,"comment_status":"open","ping_status":"closed","sticky":false,"template":"","format":"standard","meta":{"footnotes":""},"categories":[32],"tags":[297,39,147],"class_list":["post-29744","post","type-post","status-publish","format-standard","has-post-thumbnail","hentry","category-te-fundit","tag-diell","tag-moti","tag-shqiperi"],"_links":{"self":[{"href":"https:\/\/blogseyir.com\/wp\/wp-json\/wp\/v2\/posts\/29744","targetHints":{"allow":["GET"]}}],"collection":[{"href":"https:\/\/blogseyir.com\/wp\/wp-json\/wp\/v2\/posts"}],"about":[{"href":"https:\/\/blogseyir.com\/wp\/wp-json\/wp\/v2\/types\/post"}],"author":[{"embeddable":true,"href":"https:\/\/blogseyir.com\/wp\/wp-json\/wp\/v2\/users\/1"}],"replies":[{"embeddable":true,"href":"https:\/\/blogseyir.com\/wp\/wp-json\/wp\/v2\/comments?post=29744"}],"version-history":[{"count":1,"href":"https:\/\/blogseyir.com\/wp\/wp-json\/wp\/v2\/posts\/29744\/revisions"}],"predecessor-version":[{"id":29745,"href":"https:\/\/blogseyir.com\/wp\/wp-json\/wp\/v2\/posts\/29744\/revisions\/29745"}],"wp:featuredmedia":[{"embeddable":true,"href":"https:\/\/blogseyir.com\/wp\/wp-json\/wp\/v2\/media\/29746"}],"wp:attachment":[{"href":"https:\/\/blogseyir.com\/wp\/wp-json\/wp\/v2\/media?parent=29744"}],"wp:term":[{"taxonomy":"category","embeddable":true,"href":"https:\/\/blogseyir.com\/wp\/wp-json\/wp\/v2\/categories?post=29744"},{"taxonomy":"post_tag","embeddable":true,"href":"https:\/\/blogseyir.com\/wp\/wp-json\/wp\/v2\/tags?post=29744"}],"curies":[{"name":"wp","href":"https:\/\/api.w.org\/{rel}","templated":true}]}}