{"id":29729,"date":"2025-08-27T14:27:21","date_gmt":"2025-08-27T14:27:21","guid":{"rendered":"https:\/\/blogseyir.com\/wp\/?p=29729"},"modified":"2025-08-27T14:27:22","modified_gmt":"2025-08-27T14:27:22","slug":"dasma-kthehet-ne-tragjedi-qeiiohet-per-vdkje-dhendri-23-vjecar","status":"publish","type":"post","link":"https:\/\/blogseyir.com\/wp\/dasma-kthehet-ne-tragjedi-qeiiohet-per-vdkje-dhendri-23-vjecar\/","title":{"rendered":"Dasma kthehet n\u00eb TRAGJEDI! Q\u00ebIIohet p\u00ebr vd*kje dh\u00ebndri 23-vje\u00e7ar"},"content":{"rendered":"<p>Nj\u00eb ngjarje tragjike \u00ebsht\u00eb regjistruar n\u00eb Turqi ku nj\u00eb persona \u00ebsht\u00eb q\u00eblluar p\u00ebr vdekje.<\/p>\n<p>M\u00ebsohet se i riu u vra aksidentalisht n\u00eb dasm\u00ebn e tij kur nj\u00eb i ftuar hapi zjarr gjat\u00eb fest\u00ebs. 23-vje\u00e7ari nd\u00ebrroi jet\u00eb nj\u00eb dit\u00eb pas dasm\u00ebs, n\u00eb nj\u00eb fshat n\u00eb provinc\u00ebn veriore t\u00eb Giresunit.<\/p>\n<p>Nj\u00eb e af\u00ebrme nga ana e dh\u00ebndrit, \u00ebsht\u00eb e dyshuar p\u00ebr t\u00eb sht\u00ebnat fatale dhe tashm\u00eb \u00ebsht\u00eb arrestuar.<\/p>\n<p>Aksidentet nga t\u00eb sht\u00ebna t\u00eb ngjashme gjat\u00eb festimeve jan\u00eb t\u00eb zakonshme n\u00eb Turqi, ku sipas vler\u00ebsimeve t\u00eb nj\u00eb fondacioni vendas, ka rreth 40 milion\u00eb arm\u00eb zjarri n\u00eb qarkullim, shumica e t\u00eb cilave jan\u00eb t\u00eb paligjshme.<\/p>\n<p>Nj\u00eb person u vra aksidentalisht dhe dy t\u00eb tjer\u00eb u plagos\u00ebn jav\u00ebn e kaluar n\u00eb nj\u00eb incident t\u00eb ngjash\u00ebm n\u00eb nj\u00eb dasm\u00eb n\u00eb provinc\u00ebn fqinje t\u00eb Trabzonit.<\/p>\n<div id=\"blogs-1217089528\" class=\"blogs-after-content blogs-entity-placement\"><div id=\"div-gpt-ad-1770230601260-0\" style=\"width:300px; height:600px;\"><\/div><\/div><div id=\"blogs-1543575241\" class=\"blogs-adsense-after-kontent blogs-entity-placement\"><script async src=\"https:\/\/pagead2.googlesyndication.com\/pagead\/js\/adsbygoogle.js\"\r\n     crossorigin=\"anonymous\"><\/script>\r\n<!-- Tiranaread -->\r\n<ins class=\"adsbygoogle\"\r\n     style=\"display:inline-block;width:728px;height:90px\"\r\n     data-ad-client=\"ca-pub-2355142065052501\"\r\n\t data-page-url=\"https:\/\/blogseyir.com\"\r\n     data-ad-slot=\"7464751963\"><\/ins>\r\n<script>\r\n     (adsbygoogle = window.adsbygoogle || []).push({});\r\n<\/script><\/div>","protected":false},"excerpt":{"rendered":"<p>Nj\u00eb ngjarje tragjike \u00ebsht\u00eb regjistruar n\u00eb Turqi ku nj\u00eb persona \u00ebsht\u00eb q\u00eblluar p\u00ebr vdekje. M\u00ebsohet se i riu u vra aksidentalisht n\u00eb dasm\u00ebn e tij kur nj\u00eb i ftuar hapi zjarr gjat\u00eb fest\u00ebs. 23-vje\u00e7ari nd\u00ebrroi jet\u00eb nj\u00eb dit\u00eb pas dasm\u00ebs, n\u00eb nj\u00eb fshat n\u00eb provinc\u00ebn veriore t\u00eb Giresunit. Nj\u00eb e af\u00ebrme nga ana e dh\u00ebndrit, [&hellip;]<\/p>\n","protected":false},"author":1,"featured_media":29731,"comment_status":"open","ping_status":"closed","sticky":false,"template":"","format":"standard","meta":{"footnotes":""},"categories":[32],"tags":[1632,40,367],"class_list":["post-29729","post","type-post","status-publish","format-standard","has-post-thumbnail","hentry","category-te-fundit","tag-dhendri","tag-te-fundit","tag-turqi"],"_links":{"self":[{"href":"https:\/\/blogseyir.com\/wp\/wp-json\/wp\/v2\/posts\/29729","targetHints":{"allow":["GET"]}}],"collection":[{"href":"https:\/\/blogseyir.com\/wp\/wp-json\/wp\/v2\/posts"}],"about":[{"href":"https:\/\/blogseyir.com\/wp\/wp-json\/wp\/v2\/types\/post"}],"author":[{"embeddable":true,"href":"https:\/\/blogseyir.com\/wp\/wp-json\/wp\/v2\/users\/1"}],"replies":[{"embeddable":true,"href":"https:\/\/blogseyir.com\/wp\/wp-json\/wp\/v2\/comments?post=29729"}],"version-history":[{"count":1,"href":"https:\/\/blogseyir.com\/wp\/wp-json\/wp\/v2\/posts\/29729\/revisions"}],"predecessor-version":[{"id":29730,"href":"https:\/\/blogseyir.com\/wp\/wp-json\/wp\/v2\/posts\/29729\/revisions\/29730"}],"wp:featuredmedia":[{"embeddable":true,"href":"https:\/\/blogseyir.com\/wp\/wp-json\/wp\/v2\/media\/29731"}],"wp:attachment":[{"href":"https:\/\/blogseyir.com\/wp\/wp-json\/wp\/v2\/media?parent=29729"}],"wp:term":[{"taxonomy":"category","embeddable":true,"href":"https:\/\/blogseyir.com\/wp\/wp-json\/wp\/v2\/categories?post=29729"},{"taxonomy":"post_tag","embeddable":true,"href":"https:\/\/blogseyir.com\/wp\/wp-json\/wp\/v2\/tags?post=29729"}],"curies":[{"name":"wp","href":"https:\/\/api.w.org\/{rel}","templated":true}]}}