{"id":29417,"date":"2025-08-23T08:47:50","date_gmt":"2025-08-23T08:47:50","guid":{"rendered":"https:\/\/blogseyir.com\/wp\/?p=29417"},"modified":"2025-08-23T08:47:51","modified_gmt":"2025-08-23T08:47:51","slug":"perpiasje-e-forte-gjate-nates-mes-dy-makinave-njera-permbyset-ne-rruge","status":"publish","type":"post","link":"https:\/\/blogseyir.com\/wp\/perpiasje-e-forte-gjate-nates-mes-dy-makinave-njera-permbyset-ne-rruge\/","title":{"rendered":"P\u00ebrpIasje e fort\u00eb gjat\u00eb nat\u00ebs mes dy makinave, nj\u00ebra p\u00ebrmbyset n\u00eb rrug\u00eb!"},"content":{"rendered":"<p>Nj\u00eb aksident i r\u00ebnd\u00eb \u00ebsht\u00eb regjistruar mbr\u00ebmjen e premtes n\u00eb bypass-in e Vlor\u00ebs, ku jan\u00eb p\u00ebrplasur dy automjete, nj\u00eb mjet tip Nissan dhe nj\u00eb Mini Cooper.<\/p>\n<p>Si pasoj\u00eb e p\u00ebrplasjes, automjeti tip Mini Cooper \u00ebsht\u00eb p\u00ebrmbysur n\u00eb rrug\u00eb.<\/p>\n<p>Nga ngjarja nj\u00eb person ka mbetur i l\u00ebnduar, nd\u00ebrsa nj\u00eb nga drejtuesit e mjeteve \u00ebsht\u00eb transportuar me urgjenc\u00eb drejt spitalit rajonal t\u00eb Vlor\u00ebs p\u00ebr ndihm\u00eb mjek\u00ebsore.<\/p>\n<p>N\u00eb vendngjarje shkuan sh\u00ebrbimet e Policis\u00eb dhe grupi hetimor, t\u00eb cil\u00ebt po punojn\u00eb p\u00ebr zbardhjen e shkaqeve t\u00eb k\u00ebtij aksidenti.<\/p>\n<div id=\"blogs-3783802900\" class=\"blogs-after-content blogs-entity-placement\"><div id=\"div-gpt-ad-1770230601260-0\" style=\"width:300px; height:600px;\"><\/div><\/div><div id=\"blogs-502324929\" class=\"blogs-adsense-after-kontent blogs-entity-placement\"><script async src=\"https:\/\/pagead2.googlesyndication.com\/pagead\/js\/adsbygoogle.js\"\r\n     crossorigin=\"anonymous\"><\/script>\r\n<!-- Tiranaread -->\r\n<ins class=\"adsbygoogle\"\r\n     style=\"display:inline-block;width:728px;height:90px\"\r\n     data-ad-client=\"ca-pub-2355142065052501\"\r\n\t data-page-url=\"https:\/\/blogseyir.com\"\r\n     data-ad-slot=\"7464751963\"><\/ins>\r\n<script>\r\n     (adsbygoogle = window.adsbygoogle || []).push({});\r\n<\/script><\/div>","protected":false},"excerpt":{"rendered":"<p>Nj\u00eb aksident i r\u00ebnd\u00eb \u00ebsht\u00eb regjistruar mbr\u00ebmjen e premtes n\u00eb bypass-in e Vlor\u00ebs, ku jan\u00eb p\u00ebrplasur dy automjete, nj\u00eb mjet tip Nissan dhe nj\u00eb Mini Cooper. Si pasoj\u00eb e p\u00ebrplasjes, automjeti tip Mini Cooper \u00ebsht\u00eb p\u00ebrmbysur n\u00eb rrug\u00eb. Nga ngjarja nj\u00eb person ka mbetur i l\u00ebnduar, nd\u00ebrsa nj\u00eb nga drejtuesit e mjeteve \u00ebsht\u00eb transportuar me [&hellip;]<\/p>\n","protected":false},"author":1,"featured_media":29419,"comment_status":"open","ping_status":"closed","sticky":false,"template":"","format":"standard","meta":{"footnotes":""},"categories":[32],"tags":[183,40,504],"class_list":["post-29417","post","type-post","status-publish","format-standard","has-post-thumbnail","hentry","category-te-fundit","tag-aksident","tag-te-fundit","tag-vlore"],"_links":{"self":[{"href":"https:\/\/blogseyir.com\/wp\/wp-json\/wp\/v2\/posts\/29417","targetHints":{"allow":["GET"]}}],"collection":[{"href":"https:\/\/blogseyir.com\/wp\/wp-json\/wp\/v2\/posts"}],"about":[{"href":"https:\/\/blogseyir.com\/wp\/wp-json\/wp\/v2\/types\/post"}],"author":[{"embeddable":true,"href":"https:\/\/blogseyir.com\/wp\/wp-json\/wp\/v2\/users\/1"}],"replies":[{"embeddable":true,"href":"https:\/\/blogseyir.com\/wp\/wp-json\/wp\/v2\/comments?post=29417"}],"version-history":[{"count":1,"href":"https:\/\/blogseyir.com\/wp\/wp-json\/wp\/v2\/posts\/29417\/revisions"}],"predecessor-version":[{"id":29418,"href":"https:\/\/blogseyir.com\/wp\/wp-json\/wp\/v2\/posts\/29417\/revisions\/29418"}],"wp:featuredmedia":[{"embeddable":true,"href":"https:\/\/blogseyir.com\/wp\/wp-json\/wp\/v2\/media\/29419"}],"wp:attachment":[{"href":"https:\/\/blogseyir.com\/wp\/wp-json\/wp\/v2\/media?parent=29417"}],"wp:term":[{"taxonomy":"category","embeddable":true,"href":"https:\/\/blogseyir.com\/wp\/wp-json\/wp\/v2\/categories?post=29417"},{"taxonomy":"post_tag","embeddable":true,"href":"https:\/\/blogseyir.com\/wp\/wp-json\/wp\/v2\/tags?post=29417"}],"curies":[{"name":"wp","href":"https:\/\/api.w.org\/{rel}","templated":true}]}}