{"id":29354,"date":"2025-08-22T09:06:23","date_gmt":"2025-08-22T09:06:23","guid":{"rendered":"https:\/\/blogseyir.com\/wp\/?p=29354"},"modified":"2025-08-22T09:06:24","modified_gmt":"2025-08-22T09:06:24","slug":"fatele-ne-vend-gruaja-vete-hidhet-nga-ballkoni-humb-jeten","status":"publish","type":"post","link":"https:\/\/blogseyir.com\/wp\/fatele-ne-vend-gruaja-vete-hidhet-nga-ballkoni-humb-jeten\/","title":{"rendered":"Fatele n\u00eb vend! Gruaja vet\u00eb hidhet nga ballkoni, humb jet\u00ebn!"},"content":{"rendered":"<p>Nj\u00eb tjet\u00ebr ngjarje e r\u00ebnd\u00eb \u00ebsht\u00eb regjistruar n\u00eb qytetin bregdetar t\u00eb Vlor\u00ebs, ku nj\u00eb grua \u00ebsht\u00eb hedhur nga ballkoni i banes\u00ebs.<\/p>\n<p>Sipas informacioneve paraprake, ngjarja ka ndodhur pran\u00eb Shkoll\u00ebs s\u00eb Muzik\u00ebs n\u00eb Vlore, ku si pasoj\u00eb e plag\u00ebve t\u00eb marra gruaja ka humbur jet\u00ebn n\u00eb vend.<\/p>\n<p>Kjo ngjarje vjen pasi pak m\u00eb par\u00eb nj\u00eb f\u00ebmij\u00eb ka r\u00ebn\u00eb nga lart\u00ebsia n\u00eb zon\u00ebn e Lungomares dhe \u00ebsht\u00eb d\u00ebrguar me urgjenc\u00eb n\u00eb spital p\u00ebr t\u00eb marr\u00eb ndihm\u00eb mjek\u00ebsore.<\/p>\n<div id=\"blogs-3099479812\" class=\"blogs-after-content blogs-entity-placement\"><div id=\"div-gpt-ad-1770230601260-0\" style=\"width:300px; height:600px;\"><\/div><\/div><div id=\"blogs-55821052\" class=\"blogs-adsense-after-kontent blogs-entity-placement\"><script async src=\"https:\/\/pagead2.googlesyndication.com\/pagead\/js\/adsbygoogle.js\"\r\n     crossorigin=\"anonymous\"><\/script>\r\n<!-- Tiranaread -->\r\n<ins class=\"adsbygoogle\"\r\n     style=\"display:inline-block;width:728px;height:90px\"\r\n     data-ad-client=\"ca-pub-2355142065052501\"\r\n\t data-page-url=\"https:\/\/blogseyir.com\"\r\n     data-ad-slot=\"7464751963\"><\/ins>\r\n<script>\r\n     (adsbygoogle = window.adsbygoogle || []).push({});\r\n<\/script><\/div>","protected":false},"excerpt":{"rendered":"<p>Nj\u00eb tjet\u00ebr ngjarje e r\u00ebnd\u00eb \u00ebsht\u00eb regjistruar n\u00eb qytetin bregdetar t\u00eb Vlor\u00ebs, ku nj\u00eb grua \u00ebsht\u00eb hedhur nga ballkoni i banes\u00ebs. Sipas informacioneve paraprake, ngjarja ka ndodhur pran\u00eb Shkoll\u00ebs s\u00eb Muzik\u00ebs n\u00eb Vlore, ku si pasoj\u00eb e plag\u00ebve t\u00eb marra gruaja ka humbur jet\u00ebn n\u00eb vend. Kjo ngjarje vjen pasi pak m\u00eb par\u00eb nj\u00eb f\u00ebmij\u00eb [&hellip;]<\/p>\n","protected":false},"author":1,"featured_media":29356,"comment_status":"open","ping_status":"closed","sticky":false,"template":"","format":"standard","meta":{"footnotes":""},"categories":[32],"tags":[40,504],"class_list":["post-29354","post","type-post","status-publish","format-standard","has-post-thumbnail","hentry","category-te-fundit","tag-te-fundit","tag-vlore"],"_links":{"self":[{"href":"https:\/\/blogseyir.com\/wp\/wp-json\/wp\/v2\/posts\/29354","targetHints":{"allow":["GET"]}}],"collection":[{"href":"https:\/\/blogseyir.com\/wp\/wp-json\/wp\/v2\/posts"}],"about":[{"href":"https:\/\/blogseyir.com\/wp\/wp-json\/wp\/v2\/types\/post"}],"author":[{"embeddable":true,"href":"https:\/\/blogseyir.com\/wp\/wp-json\/wp\/v2\/users\/1"}],"replies":[{"embeddable":true,"href":"https:\/\/blogseyir.com\/wp\/wp-json\/wp\/v2\/comments?post=29354"}],"version-history":[{"count":1,"href":"https:\/\/blogseyir.com\/wp\/wp-json\/wp\/v2\/posts\/29354\/revisions"}],"predecessor-version":[{"id":29355,"href":"https:\/\/blogseyir.com\/wp\/wp-json\/wp\/v2\/posts\/29354\/revisions\/29355"}],"wp:featuredmedia":[{"embeddable":true,"href":"https:\/\/blogseyir.com\/wp\/wp-json\/wp\/v2\/media\/29356"}],"wp:attachment":[{"href":"https:\/\/blogseyir.com\/wp\/wp-json\/wp\/v2\/media?parent=29354"}],"wp:term":[{"taxonomy":"category","embeddable":true,"href":"https:\/\/blogseyir.com\/wp\/wp-json\/wp\/v2\/categories?post=29354"},{"taxonomy":"post_tag","embeddable":true,"href":"https:\/\/blogseyir.com\/wp\/wp-json\/wp\/v2\/tags?post=29354"}],"curies":[{"name":"wp","href":"https:\/\/api.w.org\/{rel}","templated":true}]}}