{"id":29345,"date":"2025-08-22T08:31:46","date_gmt":"2025-08-22T08:31:46","guid":{"rendered":"https:\/\/blogseyir.com\/wp\/?p=29345"},"modified":"2025-08-22T08:31:47","modified_gmt":"2025-08-22T08:31:47","slug":"aksident-trndites-ne-vend-po-kalonin-vijat-e-bardha-makina-perpias-gjyshen-dhe-mbesen-e-saj-te-mtur","status":"publish","type":"post","link":"https:\/\/blogseyir.com\/wp\/aksident-trndites-ne-vend-po-kalonin-vijat-e-bardha-makina-perpias-gjyshen-dhe-mbesen-e-saj-te-mtur\/","title":{"rendered":"Aksident tr*ndit\u00ebs n\u00eb vend! Po kalonin vijat e bardha, makina p\u00ebrpIas gjyshen dhe mbes\u00ebn e saj t\u00eb m*tur!"},"content":{"rendered":"<p>Aksident i r\u00ebnd\u00eb \u00ebsht\u00eb regjistruar m\u00ebngjesin e sot\u00ebm n\u00eb aksin rrugor Lin-Pogradec, ku nj\u00eb makin\u00eb ka p\u00ebrplasur nj\u00eb t\u00eb moshuar dhe nj\u00eb vajz\u00eb t\u00eb vog\u00ebl, t\u00eb dyja k\u00ebmb\u00ebsore.<\/p>\n<p>Gjyshja me mbes\u00ebn ishin duke kaluar rrug\u00ebn nga nj\u00ebri krah n\u00eb tjetrin kur makina i ka \u201cmarr\u00eb\u201d p\u00ebrpara.<\/p>\n<p>M\u00ebsohet se e moshuara ka marr\u00eb d\u00ebmtime t\u00eb shumta dhe \u00ebsht\u00eb transportuar n\u00eb spitalin e Pogradecit, n\u00eb gjendje t\u00eb r\u00ebnd\u00eb.<\/p>\n<p>Aktualisht m\u00eb vendngjarje ka mb\u00ebrritur grupi hetimor dhe po merret me zbardhjen e shkaqeve t\u00eb aksidentit.<\/p>\n<div id=\"blogs-988067738\" class=\"blogs-after-content blogs-entity-placement\"><div id=\"div-gpt-ad-1770230601260-0\" style=\"width:300px; height:600px;\"><\/div><\/div><div id=\"blogs-558347649\" class=\"blogs-adsense-after-kontent blogs-entity-placement\"><script async src=\"https:\/\/pagead2.googlesyndication.com\/pagead\/js\/adsbygoogle.js\"\r\n     crossorigin=\"anonymous\"><\/script>\r\n<!-- Tiranaread -->\r\n<ins class=\"adsbygoogle\"\r\n     style=\"display:inline-block;width:728px;height:90px\"\r\n     data-ad-client=\"ca-pub-2355142065052501\"\r\n\t data-page-url=\"https:\/\/blogseyir.com\"\r\n     data-ad-slot=\"7464751963\"><\/ins>\r\n<script>\r\n     (adsbygoogle = window.adsbygoogle || []).push({});\r\n<\/script><\/div>","protected":false},"excerpt":{"rendered":"<p>Aksident i r\u00ebnd\u00eb \u00ebsht\u00eb regjistruar m\u00ebngjesin e sot\u00ebm n\u00eb aksin rrugor Lin-Pogradec, ku nj\u00eb makin\u00eb ka p\u00ebrplasur nj\u00eb t\u00eb moshuar dhe nj\u00eb vajz\u00eb t\u00eb vog\u00ebl, t\u00eb dyja k\u00ebmb\u00ebsore. Gjyshja me mbes\u00ebn ishin duke kaluar rrug\u00ebn nga nj\u00ebri krah n\u00eb tjetrin kur makina i ka \u201cmarr\u00eb\u201d p\u00ebrpara. M\u00ebsohet se e moshuara ka marr\u00eb d\u00ebmtime t\u00eb shumta [&hellip;]<\/p>\n","protected":false},"author":1,"featured_media":29347,"comment_status":"open","ping_status":"closed","sticky":false,"template":"","format":"standard","meta":{"footnotes":""},"categories":[32],"tags":[183,440,40],"class_list":["post-29345","post","type-post","status-publish","format-standard","has-post-thumbnail","hentry","category-te-fundit","tag-aksident","tag-pogradec","tag-te-fundit"],"_links":{"self":[{"href":"https:\/\/blogseyir.com\/wp\/wp-json\/wp\/v2\/posts\/29345","targetHints":{"allow":["GET"]}}],"collection":[{"href":"https:\/\/blogseyir.com\/wp\/wp-json\/wp\/v2\/posts"}],"about":[{"href":"https:\/\/blogseyir.com\/wp\/wp-json\/wp\/v2\/types\/post"}],"author":[{"embeddable":true,"href":"https:\/\/blogseyir.com\/wp\/wp-json\/wp\/v2\/users\/1"}],"replies":[{"embeddable":true,"href":"https:\/\/blogseyir.com\/wp\/wp-json\/wp\/v2\/comments?post=29345"}],"version-history":[{"count":1,"href":"https:\/\/blogseyir.com\/wp\/wp-json\/wp\/v2\/posts\/29345\/revisions"}],"predecessor-version":[{"id":29346,"href":"https:\/\/blogseyir.com\/wp\/wp-json\/wp\/v2\/posts\/29345\/revisions\/29346"}],"wp:featuredmedia":[{"embeddable":true,"href":"https:\/\/blogseyir.com\/wp\/wp-json\/wp\/v2\/media\/29347"}],"wp:attachment":[{"href":"https:\/\/blogseyir.com\/wp\/wp-json\/wp\/v2\/media?parent=29345"}],"wp:term":[{"taxonomy":"category","embeddable":true,"href":"https:\/\/blogseyir.com\/wp\/wp-json\/wp\/v2\/categories?post=29345"},{"taxonomy":"post_tag","embeddable":true,"href":"https:\/\/blogseyir.com\/wp\/wp-json\/wp\/v2\/tags?post=29345"}],"curies":[{"name":"wp","href":"https:\/\/api.w.org\/{rel}","templated":true}]}}