{"id":29300,"date":"2025-08-21T14:59:07","date_gmt":"2025-08-21T14:59:07","guid":{"rendered":"https:\/\/blogseyir.com\/wp\/?p=29300"},"modified":"2025-08-21T14:59:07","modified_gmt":"2025-08-21T14:59:07","slug":"thone-qe-koha-sheron-piage-por-shpirti-im-nuk-gazetarja-e-njohur-humbi-bashkeshortin-perlot-me-postimin-prekes","status":"publish","type":"post","link":"https:\/\/blogseyir.com\/wp\/thone-qe-koha-sheron-piage-por-shpirti-im-nuk-gazetarja-e-njohur-humbi-bashkeshortin-perlot-me-postimin-prekes\/","title":{"rendered":"&#8216;Thon\u00eb q\u00eb koha sh\u00ebron pIag\u00eb, por shpirti im nuk&#8230;&#8217; Gazetarja e njohur humbi bashk\u00ebshortin, p\u00ebrlot me postimin prek\u00ebs!"},"content":{"rendered":"<p>Sindi Salaj, gazetarja q\u00eb humbi bashk\u00ebshortin n\u00eb nj\u00eb aksident t\u00eb r\u00ebnd\u00eb q\u00eb ndodhi nat\u00ebn e t\u00eb diel\u00ebs n\u00eb Berat, ka reaguar mes dhimbjes s\u00eb pamat\u00eb p\u00ebr ikjen e Ornelit 29 vje\u00e7ar. Ajo thot\u00eb se plaga n\u00eb shpirt nuk do t&#8217;i sh\u00ebrohet kurr\u00eb, por do t\u00eb jetoj\u00eb p\u00ebr vajz\u00ebn e tyre.<\/p>\n<p>&#8220;Zoti ishte xheloz sa shum\u00eb t\u00eb doja un\u00eb, ndaj t\u00eb mori pran\u00eb vetes. Thon\u00eb se koha sh\u00ebron plag\u00ebt, por s&#8217;besoj se ka koh\u00eb q\u00eb mund t\u00eb sh\u00ebroj\u00eb plag\u00ebn e shpirtit tim. Do takohemi s\u00ebrish nj\u00eb dit\u00eb drita ime. Deri at\u00ebher\u00eb, na mbro nga lart.<\/p>\n<p>Un\u00eb do m\u00ebsoj t\u00eb jetoj me dhimbjen, por mbi t\u00eb gjitha do t\u00eb jetoj me kujtimet e bukura q\u00eb m\u00eb le ti. P\u00ebr ty. P\u00ebr Aivin&#8221; shkruan Sindi Salaj, teksa ndan nj\u00eb fotografi t\u00eb ve\u00e7ant\u00eb me bashk\u00ebshortin dhe vajz\u00ebn e tyre t\u00eb mitur.<\/p>\n<p>Aksidenti i r\u00ebnd\u00eb q\u00eb ndodhi n\u00eb or\u00ebt e para t\u00eb m\u00ebngjesit t\u00eb s\u00eb diel\u00ebs n\u00eb fshatin Morav\u00eb t\u00eb Beratit. Ornel Caushaj dhe bashk\u00ebshortja e tij Sindi Salaj udh\u00ebtonin me makin\u00eb, kur jan\u00eb p\u00ebrfshir\u00eb n\u00eb nj\u00eb aksident t\u00eb r\u00ebnd\u00eb, q\u00eb fatkeq\u00ebsisht i ka marr\u00eb jet\u00ebn drejtuesit t\u00eb mjetit.<\/p>\n<p>Partnerja e tij mori l\u00ebndime t\u00eb lehta dhe fatmir\u00ebsisht shp\u00ebtoi, por p\u00ebr t\u00eb jetuar me dhimbjen e madhe t\u00eb ikjes s\u00eb nj\u00eb prej njer\u00ebzve q\u00eb e donte m\u00eb s\u00eb shumti n\u00eb k\u00ebt\u00eb jet\u00eb, sepse nj\u00ebri-tjetrit i ishin betuar p\u00ebr dashuri t\u00eb p\u00ebrjetshme q\u00eb kur ishin n\u00eb bankat e gjimnazit.<\/p>\n<p><img loading=\"lazy\" decoding=\"async\" class=\"alignnone size-full wp-image-30479\" src=\"https:\/\/post.gazetatirana.com\/wp-content\/uploads\/2025\/08\/image-452.webp\" alt=\"\" width=\"512\" height=\"859\" \/><\/p>\n<div id=\"blogs-2103131922\" class=\"blogs-adsense-after-kontent blogs-entity-placement\"><script async src=\"https:\/\/pagead2.googlesyndication.com\/pagead\/js\/adsbygoogle.js\"\r\n     crossorigin=\"anonymous\"><\/script>\r\n<!-- Tiranaread -->\r\n<ins class=\"adsbygoogle\"\r\n     style=\"display:inline-block;width:728px;height:90px\"\r\n     data-ad-client=\"ca-pub-2355142065052501\"\r\n\t data-page-url=\"https:\/\/blogseyir.com\"\r\n     data-ad-slot=\"7464751963\"><\/ins>\r\n<script>\r\n     (adsbygoogle = window.adsbygoogle || []).push({});\r\n<\/script><\/div>","protected":false},"excerpt":{"rendered":"<p>Sindi Salaj, gazetarja q\u00eb humbi bashk\u00ebshortin n\u00eb nj\u00eb aksident t\u00eb r\u00ebnd\u00eb q\u00eb ndodhi nat\u00ebn e t\u00eb diel\u00ebs n\u00eb Berat, ka reaguar mes dhimbjes s\u00eb pamat\u00eb p\u00ebr ikjen e Ornelit 29 vje\u00e7ar. Ajo thot\u00eb se plaga n\u00eb shpirt nuk do t&#8217;i sh\u00ebrohet kurr\u00eb, por do t\u00eb jetoj\u00eb p\u00ebr vajz\u00ebn e tyre. &#8220;Zoti ishte xheloz sa shum\u00eb [&hellip;]<\/p>\n","protected":false},"author":1,"featured_media":29302,"comment_status":"open","ping_status":"closed","sticky":false,"template":"","format":"standard","meta":{"footnotes":""},"categories":[32],"tags":[789,1595],"class_list":["post-29300","post","type-post","status-publish","format-standard","has-post-thumbnail","hentry","category-te-fundit","tag-gazetarja","tag-sindi-salaj"],"_links":{"self":[{"href":"https:\/\/blogseyir.com\/wp\/wp-json\/wp\/v2\/posts\/29300","targetHints":{"allow":["GET"]}}],"collection":[{"href":"https:\/\/blogseyir.com\/wp\/wp-json\/wp\/v2\/posts"}],"about":[{"href":"https:\/\/blogseyir.com\/wp\/wp-json\/wp\/v2\/types\/post"}],"author":[{"embeddable":true,"href":"https:\/\/blogseyir.com\/wp\/wp-json\/wp\/v2\/users\/1"}],"replies":[{"embeddable":true,"href":"https:\/\/blogseyir.com\/wp\/wp-json\/wp\/v2\/comments?post=29300"}],"version-history":[{"count":1,"href":"https:\/\/blogseyir.com\/wp\/wp-json\/wp\/v2\/posts\/29300\/revisions"}],"predecessor-version":[{"id":29301,"href":"https:\/\/blogseyir.com\/wp\/wp-json\/wp\/v2\/posts\/29300\/revisions\/29301"}],"wp:featuredmedia":[{"embeddable":true,"href":"https:\/\/blogseyir.com\/wp\/wp-json\/wp\/v2\/media\/29302"}],"wp:attachment":[{"href":"https:\/\/blogseyir.com\/wp\/wp-json\/wp\/v2\/media?parent=29300"}],"wp:term":[{"taxonomy":"category","embeddable":true,"href":"https:\/\/blogseyir.com\/wp\/wp-json\/wp\/v2\/categories?post=29300"},{"taxonomy":"post_tag","embeddable":true,"href":"https:\/\/blogseyir.com\/wp\/wp-json\/wp\/v2\/tags?post=29300"}],"curies":[{"name":"wp","href":"https:\/\/api.w.org\/{rel}","templated":true}]}}