{"id":29207,"date":"2025-08-20T15:01:20","date_gmt":"2025-08-20T15:01:20","guid":{"rendered":"https:\/\/blogseyir.com\/wp\/?p=29207"},"modified":"2025-08-20T15:01:21","modified_gmt":"2025-08-20T15:01:21","slug":"moti-i-keq-bene-namin-ne-kete-vend-humb-jeten-nje-person-jepet-alarmi-por","status":"publish","type":"post","link":"https:\/\/blogseyir.com\/wp\/moti-i-keq-bene-namin-ne-kete-vend-humb-jeten-nje-person-jepet-alarmi-por\/","title":{"rendered":"Moti i keq b\u00ebn\u00eb NAMIN n\u00eb k\u00ebt\u00eb vend, humb jet\u00ebn nj\u00eb person! Jepet alarmi por&#8230;"},"content":{"rendered":"<p>Nj\u00eb burr\u00eb 40-vje\u00e7ar, i cili rezultonte i zhdukur q\u00eb nga pasditja e s\u00eb mart\u00ebs n\u00eb Si\u00e7ili, \u00ebsht\u00eb gjetur i vdekur pasi moti i keq p\u00ebrfshiu t\u00eb gjith\u00eb Italin\u00eb.<\/p>\n<p>Sipas mediave t\u00eb huaja mjeti i tij u mor para nga p\u00ebrroi i lumit Crisa, i cili doli nga shtrati p\u00ebr shkak t\u00eb shirave t\u00eb rr\u00ebmbyesh\u00ebm n\u00eb zon\u00ebn Leonforte, n\u00eb provinc\u00ebn e Enn\u00ebs.<\/p>\n<p>M\u00eb pas forcat e shp\u00ebtimit gjet\u00ebn trupin e tij pas nj\u00eb k\u00ebrkimi q\u00eb zgjati disa or\u00eb.<\/p>\n<p>N\u00eb t\u00eb nj\u00ebjt\u00ebn koh\u00eb, ngjarjet ekstreme t\u00eb motit po intensifikohen n\u00eb pjes\u00ebn veriore t\u00eb vendit.<\/p>\n<p>N\u00eb Milano, shirat e rr\u00ebmbyesh\u00ebm i detyruan autoritetet t\u00eb mbyllin hap\u00ebsirat publike, nd\u00ebrsa sh\u00ebrbimet mbeten n\u00eb gatishm\u00ebri p\u00ebr shkak t\u00eb rritjes s\u00eb nivelit t\u00eb lumit Lambro.<\/p>\n<p>Nj\u00eb alarm portokalli \u00ebsht\u00eb vendosur n\u00eb tre rajone, Lombardia, Emilia Romagna dhe Liguria, me autoritetet lokale q\u00eb u b\u00ebjn\u00eb thirrje qytetar\u00ebve t\u00eb shmangin udh\u00ebtimet e panevojshme dhe t\u00eb marrin masa vet\u00ebmbrojt\u00ebse.<\/p>\n<p>N\u00eb t\u00eb kund\u00ebrt, n\u00eb Italin\u00eb qendrore, kushtet e motit mbeten t\u00eb buta, me temperatura t\u00eb larta q\u00eb vazhdojn\u00eb pas val\u00ebs s\u00eb zgjatur t\u00eb t\u00eb nxehtit q\u00eb i parapriu asaj.<\/p>\n<div id=\"blogs-2903505217\" class=\"blogs-after-content blogs-entity-placement\"><div id=\"div-gpt-ad-1770230601260-0\" style=\"width:300px; height:600px;\"><\/div><\/div><div id=\"blogs-2303946659\" class=\"blogs-adsense-after-kontent blogs-entity-placement\"><script async src=\"https:\/\/pagead2.googlesyndication.com\/pagead\/js\/adsbygoogle.js\"\r\n     crossorigin=\"anonymous\"><\/script>\r\n<!-- Tiranaread -->\r\n<ins class=\"adsbygoogle\"\r\n     style=\"display:inline-block;width:728px;height:90px\"\r\n     data-ad-client=\"ca-pub-2355142065052501\"\r\n\t data-page-url=\"https:\/\/blogseyir.com\"\r\n     data-ad-slot=\"7464751963\"><\/ins>\r\n<script>\r\n     (adsbygoogle = window.adsbygoogle || []).push({});\r\n<\/script><\/div>","protected":false},"excerpt":{"rendered":"<p>Nj\u00eb burr\u00eb 40-vje\u00e7ar, i cili rezultonte i zhdukur q\u00eb nga pasditja e s\u00eb mart\u00ebs n\u00eb Si\u00e7ili, \u00ebsht\u00eb gjetur i vdekur pasi moti i keq p\u00ebrfshiu t\u00eb gjith\u00eb Italin\u00eb. Sipas mediave t\u00eb huaja mjeti i tij u mor para nga p\u00ebrroi i lumit Crisa, i cili doli nga shtrati p\u00ebr shkak t\u00eb shirave t\u00eb rr\u00ebmbyesh\u00ebm n\u00eb [&hellip;]<\/p>\n","protected":false},"author":1,"featured_media":29209,"comment_status":"open","ping_status":"closed","sticky":false,"template":"","format":"standard","meta":{"footnotes":""},"categories":[32],"tags":[309,1238],"class_list":["post-29207","post","type-post","status-publish","format-standard","has-post-thumbnail","hentry","category-te-fundit","tag-itali","tag-stuhi"],"_links":{"self":[{"href":"https:\/\/blogseyir.com\/wp\/wp-json\/wp\/v2\/posts\/29207","targetHints":{"allow":["GET"]}}],"collection":[{"href":"https:\/\/blogseyir.com\/wp\/wp-json\/wp\/v2\/posts"}],"about":[{"href":"https:\/\/blogseyir.com\/wp\/wp-json\/wp\/v2\/types\/post"}],"author":[{"embeddable":true,"href":"https:\/\/blogseyir.com\/wp\/wp-json\/wp\/v2\/users\/1"}],"replies":[{"embeddable":true,"href":"https:\/\/blogseyir.com\/wp\/wp-json\/wp\/v2\/comments?post=29207"}],"version-history":[{"count":1,"href":"https:\/\/blogseyir.com\/wp\/wp-json\/wp\/v2\/posts\/29207\/revisions"}],"predecessor-version":[{"id":29208,"href":"https:\/\/blogseyir.com\/wp\/wp-json\/wp\/v2\/posts\/29207\/revisions\/29208"}],"wp:featuredmedia":[{"embeddable":true,"href":"https:\/\/blogseyir.com\/wp\/wp-json\/wp\/v2\/media\/29209"}],"wp:attachment":[{"href":"https:\/\/blogseyir.com\/wp\/wp-json\/wp\/v2\/media?parent=29207"}],"wp:term":[{"taxonomy":"category","embeddable":true,"href":"https:\/\/blogseyir.com\/wp\/wp-json\/wp\/v2\/categories?post=29207"},{"taxonomy":"post_tag","embeddable":true,"href":"https:\/\/blogseyir.com\/wp\/wp-json\/wp\/v2\/tags?post=29207"}],"curies":[{"name":"wp","href":"https:\/\/api.w.org\/{rel}","templated":true}]}}