{"id":28937,"date":"2025-08-16T15:56:00","date_gmt":"2025-08-16T15:56:00","guid":{"rendered":"https:\/\/blogseyir.com\/wp\/?p=28937"},"modified":"2025-08-16T15:56:01","modified_gmt":"2025-08-16T15:56:01","slug":"ti-ske-kenduar-shpat-kasapi-rrefehet-per-here-te-pare-pas-lajmit-te-sherrit-ne-dasme","status":"publish","type":"post","link":"https:\/\/blogseyir.com\/wp\/ti-ske-kenduar-shpat-kasapi-rrefehet-per-here-te-pare-pas-lajmit-te-sherrit-ne-dasme\/","title":{"rendered":"&#8216;Ti s&#8217;ke k\u00ebnduar&#8230;&#8217; Shpat Kasapi rr\u00ebfehet p\u00ebr her\u00eb t\u00eb par\u00eb pas lajmit t\u00eb sherrit n\u00eb dasm\u00eb!"},"content":{"rendered":"<p>K\u00ebng\u00ebtari i njohur Shpat Kasapi ka reaguar pas raportimeve se ishte p\u00ebrfshir\u00eb n\u00eb nj\u00eb p\u00ebrleshje gjat\u00eb nj\u00eb dasme.<\/p>\n<p>N\u00eb nj\u00eb intervist\u00eb, ai i mohoi kategorikisht k\u00ebto lajme, duke sqaruar se b\u00ebhej fjal\u00eb vet\u00ebm p\u00ebr nj\u00eb debat t\u00eb vog\u00ebl.<\/p>\n<p>\u201cU b\u00eb buj\u00eb e madhe, u rrah Shpati, u rrah\u00ebn dasmor\u00ebt\u2026 Por n\u00eb t\u00eb v\u00ebrtet\u00eb nuk ka pasur asnj\u00eb rrahje.<\/p>\n<p>Un\u00eb jam nisur pak me vones\u00eb sepse kishte kolon\u00eb. Dasmori m\u00eb tha \u2018Shpat, je vonuar, por k\u00ebndo\u2019, dhe un\u00eb iu p\u00ebrgjigja se do t\u00eb k\u00ebndoj m\u00eb shum\u00eb p\u00ebr ta kompensuar vones\u00ebn,\u201d tha ai.<\/p>\n<p>Kasapi shpjegoi se situata u tensionua vet\u00ebm n\u00eb fund t\u00eb dasm\u00ebs, gjat\u00eb momentit t\u00eb pages\u00ebs.<\/p>\n<p>\u201cN\u00eb fund than\u00eb \u2018ti s\u2019ke k\u00ebnduar, nuk do ta marr\u00ebsh pages\u00ebn\u2019.<\/p>\n<p>Un\u00eb pak u agravova, ata gjithashtu, dhe u b\u00eb nj\u00eb debat i vog\u00ebl.<\/p>\n<p>Por asnj\u00eb nuk m\u00eb ka prekur dhe askush nuk m\u00eb ka ngacmuar,\u201d theksoi k\u00ebng\u00ebtari.<\/p>\n<p>Ai gjithashtu paralajm\u00ebroi se do t\u00eb k\u00ebrkoj\u00eb p\u00ebrgjegj\u00ebsi ndaj atyre q\u00eb, sipas tij, kan\u00eb shpifur p\u00ebr k\u00ebt\u00eb ngjarje. \u201cShpif\u00ebsin e k\u00ebtij lajmi do ta gjej,\u201d u shpreh Kasapi.<\/p>\n<div id=\"blogs-2354470169\" class=\"blogs-after-content blogs-entity-placement\"><div id=\"div-gpt-ad-1770230601260-0\" style=\"width:300px; height:600px;\"><\/div><\/div><div id=\"blogs-25705109\" class=\"blogs-adsense-after-kontent blogs-entity-placement\"><script async src=\"https:\/\/pagead2.googlesyndication.com\/pagead\/js\/adsbygoogle.js\"\r\n     crossorigin=\"anonymous\"><\/script>\r\n<!-- Tiranaread -->\r\n<ins class=\"adsbygoogle\"\r\n     style=\"display:inline-block;width:728px;height:90px\"\r\n     data-ad-client=\"ca-pub-2355142065052501\"\r\n\t data-page-url=\"https:\/\/blogseyir.com\"\r\n     data-ad-slot=\"7464751963\"><\/ins>\r\n<script>\r\n     (adsbygoogle = window.adsbygoogle || []).push({});\r\n<\/script><\/div>","protected":false},"excerpt":{"rendered":"<p>K\u00ebng\u00ebtari i njohur Shpat Kasapi ka reaguar pas raportimeve se ishte p\u00ebrfshir\u00eb n\u00eb nj\u00eb p\u00ebrleshje gjat\u00eb nj\u00eb dasme. N\u00eb nj\u00eb intervist\u00eb, ai i mohoi kategorikisht k\u00ebto lajme, duke sqaruar se b\u00ebhej fjal\u00eb vet\u00ebm p\u00ebr nj\u00eb debat t\u00eb vog\u00ebl. \u201cU b\u00eb buj\u00eb e madhe, u rrah Shpati, u rrah\u00ebn dasmor\u00ebt\u2026 Por n\u00eb t\u00eb v\u00ebrtet\u00eb nuk ka [&hellip;]<\/p>\n","protected":false},"author":1,"featured_media":28939,"comment_status":"open","ping_status":"closed","sticky":false,"template":"","format":"standard","meta":{"footnotes":""},"categories":[32],"tags":[842,907],"class_list":["post-28937","post","type-post","status-publish","format-standard","has-post-thumbnail","hentry","category-te-fundit","tag-dasme","tag-shpat-kasapi"],"_links":{"self":[{"href":"https:\/\/blogseyir.com\/wp\/wp-json\/wp\/v2\/posts\/28937","targetHints":{"allow":["GET"]}}],"collection":[{"href":"https:\/\/blogseyir.com\/wp\/wp-json\/wp\/v2\/posts"}],"about":[{"href":"https:\/\/blogseyir.com\/wp\/wp-json\/wp\/v2\/types\/post"}],"author":[{"embeddable":true,"href":"https:\/\/blogseyir.com\/wp\/wp-json\/wp\/v2\/users\/1"}],"replies":[{"embeddable":true,"href":"https:\/\/blogseyir.com\/wp\/wp-json\/wp\/v2\/comments?post=28937"}],"version-history":[{"count":1,"href":"https:\/\/blogseyir.com\/wp\/wp-json\/wp\/v2\/posts\/28937\/revisions"}],"predecessor-version":[{"id":28938,"href":"https:\/\/blogseyir.com\/wp\/wp-json\/wp\/v2\/posts\/28937\/revisions\/28938"}],"wp:featuredmedia":[{"embeddable":true,"href":"https:\/\/blogseyir.com\/wp\/wp-json\/wp\/v2\/media\/28939"}],"wp:attachment":[{"href":"https:\/\/blogseyir.com\/wp\/wp-json\/wp\/v2\/media?parent=28937"}],"wp:term":[{"taxonomy":"category","embeddable":true,"href":"https:\/\/blogseyir.com\/wp\/wp-json\/wp\/v2\/categories?post=28937"},{"taxonomy":"post_tag","embeddable":true,"href":"https:\/\/blogseyir.com\/wp\/wp-json\/wp\/v2\/tags?post=28937"}],"curies":[{"name":"wp","href":"https:\/\/api.w.org\/{rel}","templated":true}]}}