{"id":28818,"date":"2025-08-15T08:42:48","date_gmt":"2025-08-15T08:42:48","guid":{"rendered":"https:\/\/blogseyir.com\/wp\/?p=28818"},"modified":"2025-08-15T08:42:58","modified_gmt":"2025-08-15T08:42:58","slug":"del-fotoja-ky-eshte-i-riu-qe-u-vr-nga-bashkemoshatari-i-tij-ne-maliq","status":"publish","type":"post","link":"https:\/\/blogseyir.com\/wp\/del-fotoja-ky-eshte-i-riu-qe-u-vr-nga-bashkemoshatari-i-tij-ne-maliq\/","title":{"rendered":"Del fotoja\/ Ky \u00ebsht\u00eb i riu q\u00eb u vr* nga bashk\u00ebmoshatari i tij n\u00eb Maliq"},"content":{"rendered":"<p>I riu n\u00eb foto \u00ebsht\u00eb 14-vje\u00e7ari, Erald Xhejo i cili humbi jet\u00ebn tragjikisht dit\u00ebn e djeshme pas nj\u00eb sherri n\u00eb nj\u00eb lokal n\u00eb fshatin Pirg.<\/p>\n<p>Xhejo humbi jet\u00ebn n\u00eb spital pas plag\u00ebve t\u00eb marra me thik\u00eb nga bashk\u00ebmoshatari i tij.<\/p>\n<p>Ende nuk dihen shkaqet e sherrit q\u00eb soll\u00ebn k\u00ebt\u00eb ngjarje tragjike.<\/p>\n<p><img loading=\"lazy\" decoding=\"async\" class=\"alignnone size-full wp-image-29893\" src=\"https:\/\/post.gazetatirana.com\/wp-content\/uploads\/2025\/08\/image-294.webp\" alt=\"\" width=\"796\" height=\"458\" \/><br \/>\nM\u00ebsohet se viktima dhe autori i dyshuar kan\u00eb patur edhe konflikte t\u00eb m\u00ebparshme. Raportohet se ata jan\u00eb takuar p\u00ebr t\u2019u saqruar por konflikti ka agravuar n\u00eb p\u00ebrdorimin e thik\u00ebs.<\/p>\n<p>Autori ka d\u00ebmtime, por jo me thik\u00eb. Ai \u00ebsht\u00eb shoq\u00ebruar nga policia ku do t\u00eb merret n\u00eb pyetje n\u00eb lidhje me ngjarjen.<\/p>\n<p>&nbsp;<\/p>\n<div id=\"blogs-2321907781\" class=\"blogs-after-content blogs-entity-placement\"><div id=\"div-gpt-ad-1770230601260-0\" style=\"width:300px; height:600px;\"><\/div><\/div><div id=\"blogs-3157727349\" class=\"blogs-adsense-after-kontent blogs-entity-placement\"><script async src=\"https:\/\/pagead2.googlesyndication.com\/pagead\/js\/adsbygoogle.js\"\r\n     crossorigin=\"anonymous\"><\/script>\r\n<!-- Tiranaread -->\r\n<ins class=\"adsbygoogle\"\r\n     style=\"display:inline-block;width:728px;height:90px\"\r\n     data-ad-client=\"ca-pub-2355142065052501\"\r\n\t data-page-url=\"https:\/\/blogseyir.com\"\r\n     data-ad-slot=\"7464751963\"><\/ins>\r\n<script>\r\n     (adsbygoogle = window.adsbygoogle || []).push({});\r\n<\/script><\/div>","protected":false},"excerpt":{"rendered":"<p>I riu n\u00eb foto \u00ebsht\u00eb 14-vje\u00e7ari, Erald Xhejo i cili humbi jet\u00ebn tragjikisht dit\u00ebn e djeshme pas nj\u00eb sherri n\u00eb nj\u00eb lokal n\u00eb fshatin Pirg. Xhejo humbi jet\u00ebn n\u00eb spital pas plag\u00ebve t\u00eb marra me thik\u00eb nga bashk\u00ebmoshatari i tij. Ende nuk dihen shkaqet e sherrit q\u00eb soll\u00ebn k\u00ebt\u00eb ngjarje tragjike. M\u00ebsohet se viktima dhe [&hellip;]<\/p>\n","protected":false},"author":1,"featured_media":28820,"comment_status":"open","ping_status":"closed","sticky":false,"template":"","format":"standard","meta":{"footnotes":""},"categories":[32],"tags":[1560,1561,688,56],"class_list":["post-28818","post","type-post","status-publish","format-standard","has-post-thumbnail","hentry","category-te-fundit","tag-14-vjecari","tag-erald-xhenjo","tag-maliq","tag-vrasje"],"_links":{"self":[{"href":"https:\/\/blogseyir.com\/wp\/wp-json\/wp\/v2\/posts\/28818","targetHints":{"allow":["GET"]}}],"collection":[{"href":"https:\/\/blogseyir.com\/wp\/wp-json\/wp\/v2\/posts"}],"about":[{"href":"https:\/\/blogseyir.com\/wp\/wp-json\/wp\/v2\/types\/post"}],"author":[{"embeddable":true,"href":"https:\/\/blogseyir.com\/wp\/wp-json\/wp\/v2\/users\/1"}],"replies":[{"embeddable":true,"href":"https:\/\/blogseyir.com\/wp\/wp-json\/wp\/v2\/comments?post=28818"}],"version-history":[{"count":1,"href":"https:\/\/blogseyir.com\/wp\/wp-json\/wp\/v2\/posts\/28818\/revisions"}],"predecessor-version":[{"id":28819,"href":"https:\/\/blogseyir.com\/wp\/wp-json\/wp\/v2\/posts\/28818\/revisions\/28819"}],"wp:featuredmedia":[{"embeddable":true,"href":"https:\/\/blogseyir.com\/wp\/wp-json\/wp\/v2\/media\/28820"}],"wp:attachment":[{"href":"https:\/\/blogseyir.com\/wp\/wp-json\/wp\/v2\/media?parent=28818"}],"wp:term":[{"taxonomy":"category","embeddable":true,"href":"https:\/\/blogseyir.com\/wp\/wp-json\/wp\/v2\/categories?post=28818"},{"taxonomy":"post_tag","embeddable":true,"href":"https:\/\/blogseyir.com\/wp\/wp-json\/wp\/v2\/tags?post=28818"}],"curies":[{"name":"wp","href":"https:\/\/api.w.org\/{rel}","templated":true}]}}