{"id":28802,"date":"2025-08-14T20:28:30","date_gmt":"2025-08-14T20:28:30","guid":{"rendered":"https:\/\/blogseyir.com\/wp\/?p=28802"},"modified":"2025-08-14T20:28:31","modified_gmt":"2025-08-14T20:28:31","slug":"del-fotoja-ky-eshte-autori-qe-i-mori-jeten-14-vjecarit-ja-cfare-shkruante-shfaqem-kur-sta-pret-mendja","status":"publish","type":"post","link":"https:\/\/blogseyir.com\/wp\/del-fotoja-ky-eshte-autori-qe-i-mori-jeten-14-vjecarit-ja-cfare-shkruante-shfaqem-kur-sta-pret-mendja\/","title":{"rendered":"Del fotoja, ky \u00ebsht\u00eb autori q\u00eb i mori jet\u00ebn 14 vjecarit! Ja cfar\u00eb shkruante &#8216;Shfaqem kur s&#8217;ta pret mendja&#8230;&#8217;"},"content":{"rendered":"<p>Ky \u00ebsht\u00eb momenti kur Enedio Guri, autori i vrasjes se 14-vje\u00e7arit, Erald Xhejo n\u00eb fshatin Pirg t\u00eb Maliqit ka dal\u00eb nga spitali i shoq\u00ebruar nga policia.<\/p>\n<p>Autori, i cili ka p\u00ebsuar d\u00ebmtime t\u00eb lehta gjat\u00eb p\u00ebrplasjes, \u00ebsht\u00eb shoq\u00ebruar nga uniformat blu, nd\u00ebrsa do vijohet me marrrjen n\u00eb pyetje nga autoritetet.<\/p>\n<p>Ngjarja tragjike ndodhi dit\u00ebn e sotme n\u00eb ambientet e jashtme t\u00eb nj\u00eb lokali, ku viktima dhe autori kishin shkuar p\u00ebr t\u00eb sqaruar nj\u00eb konflikt t\u00eb m\u00ebparsh\u00ebm mes tyre.<\/p>\n<p><img loading=\"lazy\" decoding=\"async\" class=\"alignnone size-full wp-image-29860\" src=\"https:\/\/post.gazetatirana.com\/wp-content\/uploads\/2025\/08\/image-287.webp\" alt=\"\" width=\"1394\" height=\"728\" \/><br \/>\nDebati i tyre p\u00ebrfundoi me p\u00ebrplasje fizike, ku viktima humbi jet\u00ebn nga goditjet me thik\u00eb.<\/p>\n<p>Policia vijon hetimet p\u00ebr zbardhjen e plot\u00eb t\u00eb rrethanave dhe motivit t\u00eb ngjarjes.<\/p>\n<p>Maliq\/Informacion paraprak<\/p>\n<p><iframe loading=\"lazy\" title=\"PAMJET\/ Ky \u00ebsht\u00eb autori q\u00eb vrau me thik\u00eb 14-vje\u00e7arin, momenti kur del nga spitali i shoq\u00ebruar nga...\" width=\"500\" height=\"281\" src=\"https:\/\/www.youtube.com\/embed\/TyKOh9IGhf4?feature=oembed\" frameborder=\"0\" allow=\"accelerometer; autoplay; clipboard-write; encrypted-media; gyroscope; picture-in-picture; web-share\" referrerpolicy=\"strict-origin-when-cross-origin\" allowfullscreen><\/iframe><\/p>\n<p>Rreth or\u00ebs 17:30, n\u00eb fshatin Pirg, n\u00eb ambientet e nj\u00eb lokali, ka ndodhur nj\u00eb konflikt dyshohet me mjet prer\u00ebs (thik\u00eb) mes dy 14-vje\u00e7ar\u00ebve.<\/p>\n<p>Si pasoj\u00eb e plag\u00ebve t\u00eb marra shtetasi E. Xh., 14-vje\u00e7, ka nd\u00ebrruar jet\u00eb n\u00eb spital.<\/p>\n<p>14-vje\u00e7ari tjet\u00ebr autori i dyshuar i ngjarjes \u00ebsht\u00eb shoq\u00ebruar n\u00eb spital, p\u00ebr t\u00eb marr\u00eb mjekim, dhe \u00ebsht\u00eb n\u00ebn mbik\u00ebqyrjen e Policis\u00eb.<\/p>\n<p>Grupi hetimor n\u00ebn drejtimin e Prokuroris\u00eb po punon p\u00ebr zbardhjen e rrethanave t\u00eb ngjarjes.<\/p>\n<div id=\"blogs-1522405761\" class=\"blogs-after-content blogs-entity-placement\"><div id=\"div-gpt-ad-1770230601260-0\" style=\"width:300px; height:600px;\"><\/div><\/div><div id=\"blogs-1447252253\" class=\"blogs-adsense-after-kontent blogs-entity-placement\"><script async src=\"https:\/\/pagead2.googlesyndication.com\/pagead\/js\/adsbygoogle.js\"\r\n     crossorigin=\"anonymous\"><\/script>\r\n<!-- Tiranaread -->\r\n<ins class=\"adsbygoogle\"\r\n     style=\"display:inline-block;width:728px;height:90px\"\r\n     data-ad-client=\"ca-pub-2355142065052501\"\r\n\t data-page-url=\"https:\/\/blogseyir.com\"\r\n     data-ad-slot=\"7464751963\"><\/ins>\r\n<script>\r\n     (adsbygoogle = window.adsbygoogle || []).push({});\r\n<\/script><\/div>","protected":false},"excerpt":{"rendered":"<p>Ky \u00ebsht\u00eb momenti kur Enedio Guri, autori i vrasjes se 14-vje\u00e7arit, Erald Xhejo n\u00eb fshatin Pirg t\u00eb Maliqit ka dal\u00eb nga spitali i shoq\u00ebruar nga policia. Autori, i cili ka p\u00ebsuar d\u00ebmtime t\u00eb lehta gjat\u00eb p\u00ebrplasjes, \u00ebsht\u00eb shoq\u00ebruar nga uniformat blu, nd\u00ebrsa do vijohet me marrrjen n\u00eb pyetje nga autoritetet. Ngjarja tragjike ndodhi dit\u00ebn e [&hellip;]<\/p>\n","protected":false},"author":1,"featured_media":28804,"comment_status":"open","ping_status":"closed","sticky":false,"template":"","format":"standard","meta":{"footnotes":""},"categories":[32],"tags":[1564,1563],"class_list":["post-28802","post","type-post","status-publish","format-standard","has-post-thumbnail","hentry","category-te-fundit","tag-enedio-guri","tag-erald-xhejo"],"_links":{"self":[{"href":"https:\/\/blogseyir.com\/wp\/wp-json\/wp\/v2\/posts\/28802","targetHints":{"allow":["GET"]}}],"collection":[{"href":"https:\/\/blogseyir.com\/wp\/wp-json\/wp\/v2\/posts"}],"about":[{"href":"https:\/\/blogseyir.com\/wp\/wp-json\/wp\/v2\/types\/post"}],"author":[{"embeddable":true,"href":"https:\/\/blogseyir.com\/wp\/wp-json\/wp\/v2\/users\/1"}],"replies":[{"embeddable":true,"href":"https:\/\/blogseyir.com\/wp\/wp-json\/wp\/v2\/comments?post=28802"}],"version-history":[{"count":1,"href":"https:\/\/blogseyir.com\/wp\/wp-json\/wp\/v2\/posts\/28802\/revisions"}],"predecessor-version":[{"id":28803,"href":"https:\/\/blogseyir.com\/wp\/wp-json\/wp\/v2\/posts\/28802\/revisions\/28803"}],"wp:featuredmedia":[{"embeddable":true,"href":"https:\/\/blogseyir.com\/wp\/wp-json\/wp\/v2\/media\/28804"}],"wp:attachment":[{"href":"https:\/\/blogseyir.com\/wp\/wp-json\/wp\/v2\/media?parent=28802"}],"wp:term":[{"taxonomy":"category","embeddable":true,"href":"https:\/\/blogseyir.com\/wp\/wp-json\/wp\/v2\/categories?post=28802"},{"taxonomy":"post_tag","embeddable":true,"href":"https:\/\/blogseyir.com\/wp\/wp-json\/wp\/v2\/tags?post=28802"}],"curies":[{"name":"wp","href":"https:\/\/api.w.org\/{rel}","templated":true}]}}