{"id":28790,"date":"2025-08-14T19:01:41","date_gmt":"2025-08-14T19:01:41","guid":{"rendered":"https:\/\/blogseyir.com\/wp\/?p=28790"},"modified":"2025-08-14T19:01:42","modified_gmt":"2025-08-14T19:01:42","slug":"vrsja-e-14-vjecarit-ne-maliq-dalin-pamje-tronditese-nga-vendi-i-ngjarjes-foto","status":"publish","type":"post","link":"https:\/\/blogseyir.com\/wp\/vrsja-e-14-vjecarit-ne-maliq-dalin-pamje-tronditese-nga-vendi-i-ngjarjes-foto\/","title":{"rendered":"Vr*sja e 14-vje\u00e7arit n\u00eb Maliq, dalin pamje trondit\u00ebse nga vendi i ngjarjes (Foto)"},"content":{"rendered":"<p>Ngjarja e r\u00ebnd\u00eb pasditen e sotme ku u vra nj\u00eb 14-vje\u00e7ar me thika ka tronditur Maliqin.<\/p>\n<p>Si\u00e7 u b\u00eb me dije m\u00eb par\u00eb, viktim\u00eb mbeti Erald Xhejo nga Zvirina e Maliqit, pas nj\u00eb sherri me thik\u00eb me nj\u00eb bashk\u00ebmoshatar.<\/p>\n<p>Sakaq, \u00ebsht\u00eb m\u00ebsuar edhe emri i autorit t\u00eb ngjarjes, 14-vje\u00e7ari Enedio Guri nga Leminoti.<\/p>\n<p>Ngjarja e r\u00ebnd\u00eb ndodhi n\u00eb nj\u00eb lokal t\u00eb fshatit Pirg t\u00eb Maliqit.<\/p>\n<p><img loading=\"lazy\" decoding=\"async\" class=\"alignnone size-full wp-image-29843\" src=\"https:\/\/post.gazetatirana.com\/wp-content\/uploads\/2025\/08\/image-283.webp\" alt=\"\" width=\"900\" height=\"539\" \/><\/p>\n<p>Burime p\u00ebr media kan\u00eb b\u00ebr\u00eb me dije se dy adoleshent\u00ebt jan\u00eb banor\u00eb t\u00eb fshatrave t\u00eb ndrysh\u00ebm, p\u00ebrkat\u00ebsisht viktima ishte banues i fshatit Zvirina nd\u00ebrsa autori nga Leminoti.<\/p>\n<p>T\u00eb miturit jan\u00eb konfliktuar nj\u00eb dit\u00eb m\u00eb par\u00eb dhe jan\u00eb takuar p\u00ebrs\u00ebri sot p\u00ebr tu sqaruar me nj\u00ebri-tjetrin, nd\u00ebrsa takimi mes tyre ka degraduar n\u00eb p\u00ebrdorimin e thikave. Arsyet q\u00eb kan\u00eb ndezur konfliktin mes Xhenjos dhe Gurit vijojn\u00eb t\u00eb jen\u00eb t\u00eb pazbardhura p\u00ebr mediat si dhe t\u00eb tjera detaje nga rasti n\u00eb fjal\u00eb.<\/p>\n<p><img loading=\"lazy\" decoding=\"async\" class=\"alignnone size-full wp-image-29844\" src=\"https:\/\/post.gazetatirana.com\/wp-content\/uploads\/2025\/08\/image-284.webp\" alt=\"\" width=\"878\" height=\"523\" \/><\/p>\n<p>Sakaq, skena e krimit \u00ebsht\u00eb rrethuar totalisht nga autoritetet dhe ekspert\u00ebt e policis\u00eb shkencore ku po k\u00ebrkohet p\u00ebr gjurm\u00eb biologjike e prova. Ngjarja e r\u00ebnd\u00eb raportohet t\u00eb ket\u00eb ndodhur n\u00eb verand\u00ebn e lokalit ku jan\u00eb konstatuar dhe gjurm\u00eb gjaku.<\/p>\n<p>&nbsp;<\/p>\n<div id=\"blogs-456101400\" class=\"blogs-after-content blogs-entity-placement\"><div id=\"div-gpt-ad-1770230601260-0\" style=\"width:300px; height:600px;\"><\/div><\/div><div id=\"blogs-3313893236\" class=\"blogs-adsense-after-kontent blogs-entity-placement\"><script async src=\"https:\/\/pagead2.googlesyndication.com\/pagead\/js\/adsbygoogle.js\"\r\n     crossorigin=\"anonymous\"><\/script>\r\n<!-- Tiranaread -->\r\n<ins class=\"adsbygoogle\"\r\n     style=\"display:inline-block;width:728px;height:90px\"\r\n     data-ad-client=\"ca-pub-2355142065052501\"\r\n\t data-page-url=\"https:\/\/blogseyir.com\"\r\n     data-ad-slot=\"7464751963\"><\/ins>\r\n<script>\r\n     (adsbygoogle = window.adsbygoogle || []).push({});\r\n<\/script><\/div>","protected":false},"excerpt":{"rendered":"<p>Ngjarja e r\u00ebnd\u00eb pasditen e sotme ku u vra nj\u00eb 14-vje\u00e7ar me thika ka tronditur Maliqin. Si\u00e7 u b\u00eb me dije m\u00eb par\u00eb, viktim\u00eb mbeti Erald Xhejo nga Zvirina e Maliqit, pas nj\u00eb sherri me thik\u00eb me nj\u00eb bashk\u00ebmoshatar. Sakaq, \u00ebsht\u00eb m\u00ebsuar edhe emri i autorit t\u00eb ngjarjes, 14-vje\u00e7ari Enedio Guri nga Leminoti. Ngjarja e [&hellip;]<\/p>\n","protected":false},"author":1,"featured_media":28792,"comment_status":"open","ping_status":"closed","sticky":false,"template":"","format":"standard","meta":{"footnotes":""},"categories":[32],"tags":[1560,1563,688,40,56],"class_list":["post-28790","post","type-post","status-publish","format-standard","has-post-thumbnail","hentry","category-te-fundit","tag-14-vjecari","tag-erald-xhejo","tag-maliq","tag-te-fundit","tag-vrasje"],"_links":{"self":[{"href":"https:\/\/blogseyir.com\/wp\/wp-json\/wp\/v2\/posts\/28790","targetHints":{"allow":["GET"]}}],"collection":[{"href":"https:\/\/blogseyir.com\/wp\/wp-json\/wp\/v2\/posts"}],"about":[{"href":"https:\/\/blogseyir.com\/wp\/wp-json\/wp\/v2\/types\/post"}],"author":[{"embeddable":true,"href":"https:\/\/blogseyir.com\/wp\/wp-json\/wp\/v2\/users\/1"}],"replies":[{"embeddable":true,"href":"https:\/\/blogseyir.com\/wp\/wp-json\/wp\/v2\/comments?post=28790"}],"version-history":[{"count":1,"href":"https:\/\/blogseyir.com\/wp\/wp-json\/wp\/v2\/posts\/28790\/revisions"}],"predecessor-version":[{"id":28791,"href":"https:\/\/blogseyir.com\/wp\/wp-json\/wp\/v2\/posts\/28790\/revisions\/28791"}],"wp:featuredmedia":[{"embeddable":true,"href":"https:\/\/blogseyir.com\/wp\/wp-json\/wp\/v2\/media\/28792"}],"wp:attachment":[{"href":"https:\/\/blogseyir.com\/wp\/wp-json\/wp\/v2\/media?parent=28790"}],"wp:term":[{"taxonomy":"category","embeddable":true,"href":"https:\/\/blogseyir.com\/wp\/wp-json\/wp\/v2\/categories?post=28790"},{"taxonomy":"post_tag","embeddable":true,"href":"https:\/\/blogseyir.com\/wp\/wp-json\/wp\/v2\/tags?post=28790"}],"curies":[{"name":"wp","href":"https:\/\/api.w.org\/{rel}","templated":true}]}}