{"id":28736,"date":"2025-08-14T11:56:17","date_gmt":"2025-08-14T11:56:17","guid":{"rendered":"https:\/\/blogseyir.com\/wp\/?p=28736"},"modified":"2025-08-14T11:56:18","modified_gmt":"2025-08-14T11:56:18","slug":"termometri-nuk-do-te-shenoje-me-40-grade-meteorologia-e-njohur-jep-lajmin-e-papritur-ja-cfare-na-pret-2-javet-e-fundit-te-gushtit","status":"publish","type":"post","link":"https:\/\/blogseyir.com\/wp\/termometri-nuk-do-te-shenoje-me-40-grade-meteorologia-e-njohur-jep-lajmin-e-papritur-ja-cfare-na-pret-2-javet-e-fundit-te-gushtit\/","title":{"rendered":"&#8216;Termometri nuk do t\u00eb sh\u00ebnoj\u00eb m\u00eb 40 grad\u00eb&#8230;&#8217; Meteorologia e njohur jep lajmin e papritur! Ja cfar\u00eb na pret 2 jav\u00ebt e fundit t\u00eb Gushtit!"},"content":{"rendered":"<p>Meteorologia Anira Gjoni, n\u00eb nj\u00eb intervist\u00eb televizive, tha se temperaturat e larta me t\u00eb cilat u p\u00ebrball vendi yn\u00eb favorizonin zjarret. Por nga dita e sotme, temperaturat do t\u00eb p\u00ebsojn\u00eb r\u00ebnie.<\/p>\n<p>Pas zjarreve q\u00eb p\u00ebrv\u00ebluan Shqip\u00ebrin\u00eb gjat\u00eb k\u00ebtyre dit\u00ebve, sot ka nisur r\u00ebnia e temperaturave q\u00eb pritet t\u00eb sjell\u00eb edhe reshje lokale afatshkurtra pothuajse n\u00eb t\u00eb gjitha qarqet.<\/p>\n<p>\u201cN\u00eb p\u00ebrgjith\u00ebsi shkaktar jan\u00eb njer\u00ebzit, pasi shk\u00ebndij\u00ebn e par\u00eb pa dashje apo nga neglizhenca mund ta shkaktojn\u00eb njer\u00ebzit dhe kushtet atmosferike kan\u00eb qen\u00eb t\u00eb favorshme p\u00ebr p\u00ebrhapjen e tyre. Edhe nj\u00eb bisht cigareje i hedhur mjafton p\u00ebr t\u00eb p\u00ebrhapur nj\u00eb zjarr. Problematik\u00eb ngelet akoma, edhe pse p\u00ebrgjat\u00eb dit\u00ebs s\u00eb sotme dhe t\u00eb nes\u00ebrme ka r\u00ebnie t\u00eb rrezikut t\u00eb zjarreve, pasi shumica e qarqeve kalojn\u00eb n\u00eb nivelin rrezik i moderuar, presim t\u00eb kemi reshje lokale t\u00eb dob\u00ebta q\u00eb do t\u00eb prekin zonat kodrinore, malore t\u00eb t\u00eb gjitha qarqeve. Rrezik i lart\u00eb mbeten qarqet Shkod\u00ebr, Dib\u00ebr, Lezh\u00eb. Sa i takon kushteve atmosferike t\u00eb dy dit\u00ebve n\u00eb vazhdim, presim t\u00eb kemi reshje t\u00eb dob\u00ebta lokale pothuajse n\u00eb t\u00eb gjitha qarqet. Temperaturat do p\u00ebsojn\u00eb r\u00ebnie\u201d, tha Anira Gjoni.<\/p>\n<p>Meteorologia theksoi se era ishte nj\u00eb tjet\u00ebr faktor q\u00eb ndihmoi n\u00eb p\u00ebrhapjen masive t\u00eb zjarreve.<\/p>\n<p>\u201cNj\u00eb element q\u00eb ndikon n\u00eb shtimin e rrezikut \u00ebsht\u00eb edhe era, q\u00eb ka favorizuar gjat\u00eb k\u00ebtyre dit\u00ebve pasi era ka fryr\u00eb e leht\u00eb deri mesatare, por n\u00eb momente frynte e fort\u00eb n\u00eb bregdet dhe zona bregdetare. Kjo \u00ebsht\u00eb ajo q\u00eb ndikon m\u00eb shum\u00eb n\u00eb ndezjen apo fuqizimin e zjarreve\u201d.<\/p>\n<p>Nd\u00ebrkoh\u00eb, sipas meteorologes, dy jav\u00ebt e fundit t\u00eb gushtit do t\u00eb mbyllen me temperatura m\u00eb t\u00eb larta se sa fillimi i muajit, por termometri nuk do t\u00eb prek\u00eb vlerat 40 grad\u00eb Celsius.<\/p>\n<p>\u201cDy jav\u00ebt e mbetura do jen\u00eb me temperatura m\u00eb t\u00eb larta se java e par\u00eb, por m\u00eb t\u00eb ul\u00ebta se sa t\u00eb jav\u00ebs s\u00eb dyt\u00eb, nuk presim t\u00eb sh\u00ebnojn\u00eb vlera n\u00eb 40 grad\u00eb. Kjo fundjav\u00eb mbyllet n\u00eb temperatura 33-34 grad\u00eb Celsius. Nd\u00ebrsa jav\u00ebn tjet\u00ebr presim t\u00eb sh\u00ebnoj\u00eb 35-36 grad\u00eb. Temperatura minimale n\u00eb Tiran\u00eb sh\u00ebnoi 25 grad\u00eb, nd\u00ebrsa n\u00eb Orikum 28 grad\u00eb, n\u00eb Ku\u00e7 t\u00eb Vlor\u00ebs 27 grad\u00eb minimalja e nat\u00ebs. K\u00ebto kan\u00eb qen\u00eb temperatura shum\u00eb t\u00eb larta pasi nuk jan\u00eb normale\u201d.<\/p>\n<div id=\"blogs-3263577009\" class=\"blogs-adsense-after-kontent blogs-entity-placement\"><script async src=\"https:\/\/pagead2.googlesyndication.com\/pagead\/js\/adsbygoogle.js\"\r\n     crossorigin=\"anonymous\"><\/script>\r\n<!-- Tiranaread -->\r\n<ins class=\"adsbygoogle\"\r\n     style=\"display:inline-block;width:728px;height:90px\"\r\n     data-ad-client=\"ca-pub-2355142065052501\"\r\n\t data-page-url=\"https:\/\/blogseyir.com\"\r\n     data-ad-slot=\"7464751963\"><\/ins>\r\n<script>\r\n     (adsbygoogle = window.adsbygoogle || []).push({});\r\n<\/script><\/div>","protected":false},"excerpt":{"rendered":"<p>Meteorologia Anira Gjoni, n\u00eb nj\u00eb intervist\u00eb televizive, tha se temperaturat e larta me t\u00eb cilat u p\u00ebrball vendi yn\u00eb favorizonin zjarret. Por nga dita e sotme, temperaturat do t\u00eb p\u00ebsojn\u00eb r\u00ebnie. Pas zjarreve q\u00eb p\u00ebrv\u00ebluan Shqip\u00ebrin\u00eb gjat\u00eb k\u00ebtyre dit\u00ebve, sot ka nisur r\u00ebnia e temperaturave q\u00eb pritet t\u00eb sjell\u00eb edhe reshje lokale afatshkurtra pothuajse n\u00eb [&hellip;]<\/p>\n","protected":false},"author":1,"featured_media":28738,"comment_status":"open","ping_status":"closed","sticky":false,"template":"","format":"standard","meta":{"footnotes":""},"categories":[32],"tags":[1479,39,148,147],"class_list":["post-28736","post","type-post","status-publish","format-standard","has-post-thumbnail","hentry","category-te-fundit","tag-anira-gjoni","tag-moti","tag-shi","tag-shqiperi"],"_links":{"self":[{"href":"https:\/\/blogseyir.com\/wp\/wp-json\/wp\/v2\/posts\/28736","targetHints":{"allow":["GET"]}}],"collection":[{"href":"https:\/\/blogseyir.com\/wp\/wp-json\/wp\/v2\/posts"}],"about":[{"href":"https:\/\/blogseyir.com\/wp\/wp-json\/wp\/v2\/types\/post"}],"author":[{"embeddable":true,"href":"https:\/\/blogseyir.com\/wp\/wp-json\/wp\/v2\/users\/1"}],"replies":[{"embeddable":true,"href":"https:\/\/blogseyir.com\/wp\/wp-json\/wp\/v2\/comments?post=28736"}],"version-history":[{"count":1,"href":"https:\/\/blogseyir.com\/wp\/wp-json\/wp\/v2\/posts\/28736\/revisions"}],"predecessor-version":[{"id":28737,"href":"https:\/\/blogseyir.com\/wp\/wp-json\/wp\/v2\/posts\/28736\/revisions\/28737"}],"wp:featuredmedia":[{"embeddable":true,"href":"https:\/\/blogseyir.com\/wp\/wp-json\/wp\/v2\/media\/28738"}],"wp:attachment":[{"href":"https:\/\/blogseyir.com\/wp\/wp-json\/wp\/v2\/media?parent=28736"}],"wp:term":[{"taxonomy":"category","embeddable":true,"href":"https:\/\/blogseyir.com\/wp\/wp-json\/wp\/v2\/categories?post=28736"},{"taxonomy":"post_tag","embeddable":true,"href":"https:\/\/blogseyir.com\/wp\/wp-json\/wp\/v2\/tags?post=28736"}],"curies":[{"name":"wp","href":"https:\/\/api.w.org\/{rel}","templated":true}]}}