{"id":28636,"date":"2025-08-13T07:07:16","date_gmt":"2025-08-13T07:07:16","guid":{"rendered":"https:\/\/blogseyir.com\/wp\/?p=28636"},"modified":"2025-08-13T07:07:17","modified_gmt":"2025-08-13T07:07:17","slug":"rendohet-bilanci-2-vktima-nga-zjarri-ne-elbasan-dhjetera-banesa-te-shkrumbuara-dhe-6-fshatra-te-djegur-plotesisht","status":"publish","type":"post","link":"https:\/\/blogseyir.com\/wp\/rendohet-bilanci-2-vktima-nga-zjarri-ne-elbasan-dhjetera-banesa-te-shkrumbuara-dhe-6-fshatra-te-djegur-plotesisht\/","title":{"rendered":"R\u00ebndohet bilanci! 2 v*ktima nga zjarri n\u00eb Elbasan, dhjet\u00ebra banesa t\u00eb shkrumbuara dhe 6 fshatra t\u00eb djegur plot\u00ebsisht"},"content":{"rendered":"<p>Nj\u00eb tjet\u00ebr viktim\u00eb dyshohet se \u00ebsht\u00eb regjistruar n\u00eb qarkun e Elbasanit si pasoj\u00eb e zjarreve q\u00eb kan\u00eb pushtuar vendin. Pas 80-vje\u00e7arit i cili humbi jet\u00ebn nj\u00eb dit\u00eb m\u00eb par\u00eb, pasi ndez zjarr n\u00eb oborrin e banes\u00ebs s\u00eb tij, duke shkaktuar p\u00ebrhapjen e flak\u00ebve n\u00eb terren dhe rrezikun e madh p\u00ebr banor\u00ebt dhe pronat e zon\u00ebs, A2 CNN m\u00ebson se tjet\u00ebr person dyshohet se ka nd\u00ebrruar jet\u00eb si pasoj\u00eb e asfiksis\u00eb nga zjarri.<\/p>\n<p>Nd\u00ebrsa raportohet edhe p\u00ebr shum\u00eb t\u00eb tjer\u00eb jan\u00eb asfiksuar, A2 CNN m\u00ebson se dhjet\u00ebra banesa jan\u00eb t\u00eb shkrumbuara plot\u00ebsisht, nd\u00ebrsa fshatrat t\u00eb cilat u rrethuan nga flak\u00ebt nj\u00eb dit\u00eb m\u00eb par\u00eb; Kullollas, Blet\u00ebz, Sk\u00ebnderbegas, Menkollare, Zenelas, Harunas, jan\u00eb djegur plot\u00ebsisht.<\/p>\n<p>Deri n\u00eb mbr\u00ebmjen e djeshme n\u00eb territorin e vendit jan\u00eb raportuar 34 vatra zjarri, nga t\u00eb cilat 27 jan\u00eb aktive dhe 7 po mbahen n\u00ebn monitorim. Situata m\u00eb problematike vijon t\u00eb jet\u00eb n\u00eb jug t\u00eb vendit, me rrezik t\u00eb lart\u00eb p\u00ebr zonat e mbrojtura, banesat dhe infrastruktur\u00ebn.<\/p>\n<div id=\"blogs-1971268810\" class=\"blogs-after-content blogs-entity-placement\"><div id=\"div-gpt-ad-1770230601260-0\" style=\"width:300px; height:600px;\"><\/div><\/div><div id=\"blogs-2395969389\" class=\"blogs-adsense-after-kontent blogs-entity-placement\"><script async src=\"https:\/\/pagead2.googlesyndication.com\/pagead\/js\/adsbygoogle.js\"\r\n     crossorigin=\"anonymous\"><\/script>\r\n<!-- Tiranaread -->\r\n<ins class=\"adsbygoogle\"\r\n     style=\"display:inline-block;width:728px;height:90px\"\r\n     data-ad-client=\"ca-pub-2355142065052501\"\r\n\t data-page-url=\"https:\/\/blogseyir.com\"\r\n     data-ad-slot=\"7464751963\"><\/ins>\r\n<script>\r\n     (adsbygoogle = window.adsbygoogle || []).push({});\r\n<\/script><\/div>","protected":false},"excerpt":{"rendered":"<p>Nj\u00eb tjet\u00ebr viktim\u00eb dyshohet se \u00ebsht\u00eb regjistruar n\u00eb qarkun e Elbasanit si pasoj\u00eb e zjarreve q\u00eb kan\u00eb pushtuar vendin. Pas 80-vje\u00e7arit i cili humbi jet\u00ebn nj\u00eb dit\u00eb m\u00eb par\u00eb, pasi ndez zjarr n\u00eb oborrin e banes\u00ebs s\u00eb tij, duke shkaktuar p\u00ebrhapjen e flak\u00ebve n\u00eb terren dhe rrezikun e madh p\u00ebr banor\u00ebt dhe pronat e zon\u00ebs, [&hellip;]<\/p>\n","protected":false},"author":1,"featured_media":28638,"comment_status":"open","ping_status":"closed","sticky":false,"template":"","format":"standard","meta":{"footnotes":""},"categories":[32],"tags":[416,40,771],"class_list":["post-28636","post","type-post","status-publish","format-standard","has-post-thumbnail","hentry","category-te-fundit","tag-elbasan","tag-te-fundit","tag-zjarr"],"_links":{"self":[{"href":"https:\/\/blogseyir.com\/wp\/wp-json\/wp\/v2\/posts\/28636","targetHints":{"allow":["GET"]}}],"collection":[{"href":"https:\/\/blogseyir.com\/wp\/wp-json\/wp\/v2\/posts"}],"about":[{"href":"https:\/\/blogseyir.com\/wp\/wp-json\/wp\/v2\/types\/post"}],"author":[{"embeddable":true,"href":"https:\/\/blogseyir.com\/wp\/wp-json\/wp\/v2\/users\/1"}],"replies":[{"embeddable":true,"href":"https:\/\/blogseyir.com\/wp\/wp-json\/wp\/v2\/comments?post=28636"}],"version-history":[{"count":1,"href":"https:\/\/blogseyir.com\/wp\/wp-json\/wp\/v2\/posts\/28636\/revisions"}],"predecessor-version":[{"id":28637,"href":"https:\/\/blogseyir.com\/wp\/wp-json\/wp\/v2\/posts\/28636\/revisions\/28637"}],"wp:featuredmedia":[{"embeddable":true,"href":"https:\/\/blogseyir.com\/wp\/wp-json\/wp\/v2\/media\/28638"}],"wp:attachment":[{"href":"https:\/\/blogseyir.com\/wp\/wp-json\/wp\/v2\/media?parent=28636"}],"wp:term":[{"taxonomy":"category","embeddable":true,"href":"https:\/\/blogseyir.com\/wp\/wp-json\/wp\/v2\/categories?post=28636"},{"taxonomy":"post_tag","embeddable":true,"href":"https:\/\/blogseyir.com\/wp\/wp-json\/wp\/v2\/tags?post=28636"}],"curies":[{"name":"wp","href":"https:\/\/api.w.org\/{rel}","templated":true}]}}